{"id":93060,"date":"2020-07-21T06:47:52","date_gmt":"2020-07-21T10:47:52","guid":{"rendered":"https:\/\/linitiative.ca\/International\/lopa-sur-s2m-validee-par-le-regulateur\/"},"modified":"2020-07-21T06:47:52","modified_gmt":"2020-07-21T10:47:52","slug":"lopa-sur-s2m-validee-par-le-regulateur","status":"publish","type":"post","link":"https:\/\/linitiative.ca\/International\/lopa-sur-s2m-validee-par-le-regulateur\/","title":{"rendered":"L\u2019OPA sur S2M valid\u00e9e par le r\u00e9gulateur"},"content":{"rendered":"<div class=\"body\">\n<div class=\"field field-name-body field-type-text-with-summary field-label-hidden\">\n<div class=\"field-items\" readability=\"10\">\n<div class=\"field-item even\" property=\"content:encoded\" readability=\"15\">\n<p class=\"rtejustify\">L\u2019Autorit\u00e9 marocaine du march\u00e9 des capitaux (AMMC) valide le projet d\u2019Offre publique d\u2019achat obligatoire de Medtech et Millenium Ventures sur les actions S2M. Les deux actionnaires qui sont pr\u00e9sum\u00e9s agir de concert \u00e9taient contraints de d\u00e9poser cette OPA apr\u00e8s avoir acquis en date du 12 mai 2020 respectivement 5,52% et 2,93% du capital et des droits de vote de S2M. En effet, leurs participations ont atteint 52,9% du capital et des droits de vote de S2M, soit 429 918 actions. Ainsi l\u2019offre dont le prix a \u00e9t\u00e9 fix\u00e9 \u00e0 160 DH portera sur la totalit\u00e9 des actions non d\u00e9tenues par Medtech et Millennium Ventures.<br \/><em>\u00a0M.A.B.<\/em><\/p>\n<\/div>\n<\/div>\n<\/div>\n<\/div>\n<div class=\"eco-conseil\">\n<div class=\"view view-eco-conseil-16 view-id-eco_conseil_16 view-display-id-cookies view-dom-id-87599ed76035be804f8d7cfb65be8f34\">\n<div class=\"view-content\">\n<div id=\"views-bootstrap-grid-1\" class=\"views-bootstrap-grid-plugin-style\">\n<div class=\"row\">\n<div class=\" col-xs-12 col-lg-4\">\n<div class=\"row\">\n<div class=\"col col-xs-12 col-lg-12\">\n<div class=\"field-content\"><a href=\"\/article\/1065024-70-000-candidats-pour-le-concours-de-medecine\"><img loading=\"lazy\" decoding=\"async\" class=\"img-responsive\" typeof=\"foaf:Image\" src=\"https:\/\/www.leconomiste.com\/sites\/default\/files\/eco7\/public\/styles\/800x400\/public\/default_images\/default_une.jpg?itok=4jZlgnIZ\" width=\"660\" height=\"330\" alt=\"\"\/><\/a><\/div>\n<\/div>\n<div class=\" title_suite_2 col col-xs-12 col-lg-12\"> <a href=\"\/article\/1065024-70-000-candidats-pour-le-concours-de-medecine\"\/><span class=\"field-content\">70.000 candidats pour le concours de m\u00e9decine<\/span><\/div>\n<\/div>\n<\/div>\n<div class=\" col-xs-12 col-lg-4\">\n<div class=\"row\">\n<div class=\"col col-xs-12 col-lg-12\">\n<div class=\"field-content\"><a href=\"\/article\/1065023-les-concentrations-economiques-portees-par-l-international\"><img loading=\"lazy\" decoding=\"async\" class=\"img-responsive\" typeof=\"foaf:Image\" src=\"https:\/\/www.leconomiste.com\/sites\/default\/files\/eco7\/public\/styles\/800x400\/public\/default_images\/default_une.jpg?itok=4jZlgnIZ\" width=\"660\" height=\"330\" alt=\"\"\/><\/a><\/div>\n<\/div>\n<div class=\" title_suite_2 col col-xs-12 col-lg-12\"> <a href=\"\/article\/1065023-les-concentrations-economiques-portees-par-l-international\"\/><span class=\"field-content\">Les concentrations \u00e9conomiques port\u00e9es par l\u2019international<\/span><\/div>\n<\/div>\n<\/div>\n<div class=\" col-xs-12 col-lg-4\">\n<div class=\"row\">\n<div class=\"col col-xs-12 col-lg-12\">\n<div class=\"field-content\"><a href=\"\/article\/1065021-vols-speciaux-air-arabia-etoffe-paris-agadir\"><img loading=\"lazy\" decoding=\"async\" class=\"img-responsive\" typeof=\"foaf:Image\" src=\"https:\/\/www.leconomiste.com\/sites\/default\/files\/eco7\/public\/styles\/800x400\/public\/default_images\/default_une.jpg?itok=4jZlgnIZ\" width=\"660\" height=\"330\" alt=\"\"\/><\/a><\/div>\n<\/div>\n<div class=\" title_suite_2 col col-xs-12 col-lg-12\"> <a href=\"\/article\/1065021-vols-speciaux-air-arabia-etoffe-paris-agadir\"\/><span class=\"field-content\">Vols sp\u00e9ciaux: Air Arabia \u00e9toffe Paris-Agadir<\/span><\/div>\n<\/div>\n<\/div>\n<\/div>\n<\/div>\n<\/div>\n<\/div>\n<\/div>\n<p>Auteur: hlafriqi<br \/>\n<a href=\"https:\/\/www.leconomiste.com\/article\/1065019-l-opa-sur-s2m-validee-par-le-regulateur\">Cliquez ici pour lire l&rsquo;article depuis sa source.<\/a><\/p>\n","protected":false},"excerpt":{"rendered":"<p>L\u2019Autorit\u00e9 marocaine du march\u00e9 des capitaux (AMMC) valide le projet d\u2019Offre publique d\u2019achat obligatoire de Medtech et Millenium Ventures sur les actions S2M. Les deux actionnaires qui sont pr\u00e9sum\u00e9s agir de concert \u00e9taient contraints de d\u00e9poser cette OPA apr\u00e8s avoir acquis en date du 12 mai 2020 respectivement 5,52% et 2,93% du capital et des [&hellip;]<\/p>\n","protected":false},"author":1763,"featured_media":0,"comment_status":"closed","ping_status":"closed","sticky":false,"template":"","format":"standard","meta":{"fifu_image_url":"","fifu_image_alt":"","footnotes":""},"categories":[78,54],"tags":[],"class_list":["post-93060","post","type-post","status-publish","format-standard","hentry","category-economie","category-maroc"],"_links":{"self":[{"href":"https:\/\/linitiative.ca\/International\/wp-json\/wp\/v2\/posts\/93060","targetHints":{"allow":["GET"]}}],"collection":[{"href":"https:\/\/linitiative.ca\/International\/wp-json\/wp\/v2\/posts"}],"about":[{"href":"https:\/\/linitiative.ca\/International\/wp-json\/wp\/v2\/types\/post"}],"author":[{"embeddable":true,"href":"https:\/\/linitiative.ca\/International\/wp-json\/wp\/v2\/users\/1763"}],"replies":[{"embeddable":true,"href":"https:\/\/linitiative.ca\/International\/wp-json\/wp\/v2\/comments?post=93060"}],"version-history":[{"count":0,"href":"https:\/\/linitiative.ca\/International\/wp-json\/wp\/v2\/posts\/93060\/revisions"}],"wp:attachment":[{"href":"https:\/\/linitiative.ca\/International\/wp-json\/wp\/v2\/media?parent=93060"}],"wp:term":[{"taxonomy":"category","embeddable":true,"href":"https:\/\/linitiative.ca\/International\/wp-json\/wp\/v2\/categories?post=93060"},{"taxonomy":"post_tag","embeddable":true,"href":"https:\/\/linitiative.ca\/International\/wp-json\/wp\/v2\/tags?post=93060"}],"curies":[{"name":"wp","href":"https:\/\/api.w.org\/{rel}","templated":true}]}}