{"id":93061,"date":"2020-07-21T06:49:25","date_gmt":"2020-07-21T10:49:25","guid":{"rendered":"https:\/\/linitiative.ca\/International\/ram-adapte-ses-frequences-domestiques\/"},"modified":"2020-07-21T06:49:25","modified_gmt":"2020-07-21T10:49:25","slug":"ram-adapte-ses-frequences-domestiques","status":"publish","type":"post","link":"https:\/\/linitiative.ca\/International\/ram-adapte-ses-frequences-domestiques\/","title":{"rendered":"RAM adapte ses fr\u00e9quences domestiques"},"content":{"rendered":"<div class=\"body\">\n<div class=\"field field-name-body field-type-text-with-summary field-label-hidden\">\n<div class=\"field-items\" readability=\"8.5\">\n<div class=\"field-item even\" property=\"content:encoded\" readability=\"12\">\n<p class=\"rtejustify\">Royal Air Maroc (RAM) a augment\u00e9 depuis lundi les fr\u00e9quences sur ses vols domestiques avec notamment neuf par semaine sur la ligne Casablanca-Dakhla et un r\u00e9seau domestique comptant 12 liaisons et 45 fr\u00e9quences par semaine. Outre Casa-Dakhla, qui passe de 7 \u00e0 9 fr\u00e9quences par semaine, le renforcement du service concerne aussi Casa-Oujda (3 \u00e0 5 fr\u00e9quences par semaine) et Casa-Agadir (4 \u00e0 7). A noter que huit lignes reliant Casablanca \u00e0 d&rsquo;autres villes du Royaume ont \u00e9t\u00e9 programm\u00e9es. Ce programme va \u00e9voluer suivant la demande.<br \/><em>\u00a0E.M.G.<\/em><\/p>\n<\/div>\n<\/div>\n<\/div>\n<\/div>\n<div class=\"eco-conseil\">\n<div class=\"view view-eco-conseil-16 view-id-eco_conseil_16 view-display-id-cookies view-dom-id-581e7d458bd422d46c12984f1c4c5116\">\n<div class=\"view-content\">\n<div id=\"views-bootstrap-grid-1\" class=\"views-bootstrap-grid-plugin-style\">\n<div class=\"row\">\n<div class=\" col-xs-12 col-lg-4\">\n<div class=\"row\">\n<div class=\"col col-xs-12 col-lg-12\">\n<div class=\"field-content\"><a href=\"\/article\/1065024-70-000-candidats-pour-le-concours-de-medecine\"><img loading=\"lazy\" decoding=\"async\" class=\"img-responsive\" typeof=\"foaf:Image\" src=\"https:\/\/www.leconomiste.com\/sites\/default\/files\/eco7\/public\/styles\/800x400\/public\/default_images\/default_une.jpg?itok=4jZlgnIZ\" width=\"660\" height=\"330\" alt=\"\"\/><\/a><\/div>\n<\/div>\n<div class=\" title_suite_2 col col-xs-12 col-lg-12\"> <a href=\"\/article\/1065024-70-000-candidats-pour-le-concours-de-medecine\"\/><span class=\"field-content\">70.000 candidats pour le concours de m\u00e9decine<\/span><\/div>\n<\/div>\n<\/div>\n<div class=\" col-xs-12 col-lg-4\">\n<div class=\"row\">\n<div class=\"col col-xs-12 col-lg-12\">\n<div class=\"field-content\"><a href=\"\/article\/1065023-les-concentrations-economiques-portees-par-l-international\"><img loading=\"lazy\" decoding=\"async\" class=\"img-responsive\" typeof=\"foaf:Image\" src=\"https:\/\/www.leconomiste.com\/sites\/default\/files\/eco7\/public\/styles\/800x400\/public\/default_images\/default_une.jpg?itok=4jZlgnIZ\" width=\"660\" height=\"330\" alt=\"\"\/><\/a><\/div>\n<\/div>\n<div class=\" title_suite_2 col col-xs-12 col-lg-12\"> <a href=\"\/article\/1065023-les-concentrations-economiques-portees-par-l-international\"\/><span class=\"field-content\">Les concentrations \u00e9conomiques port\u00e9es par l\u2019international<\/span><\/div>\n<\/div>\n<\/div>\n<div class=\" col-xs-12 col-lg-4\">\n<div class=\"row\">\n<div class=\"col col-xs-12 col-lg-12\">\n<div class=\"field-content\"><a href=\"\/article\/1065021-vols-speciaux-air-arabia-etoffe-paris-agadir\"><img loading=\"lazy\" decoding=\"async\" class=\"img-responsive\" typeof=\"foaf:Image\" src=\"https:\/\/www.leconomiste.com\/sites\/default\/files\/eco7\/public\/styles\/800x400\/public\/default_images\/default_une.jpg?itok=4jZlgnIZ\" width=\"660\" height=\"330\" alt=\"\"\/><\/a><\/div>\n<\/div>\n<div class=\" title_suite_2 col col-xs-12 col-lg-12\"> <a href=\"\/article\/1065021-vols-speciaux-air-arabia-etoffe-paris-agadir\"\/><span class=\"field-content\">Vols sp\u00e9ciaux: Air Arabia \u00e9toffe Paris-Agadir<\/span><\/div>\n<\/div>\n<\/div>\n<\/div>\n<\/div>\n<\/div>\n<\/div>\n<\/div>\n<p>Auteur: hlafriqi<br \/>\n<a href=\"https:\/\/www.leconomiste.com\/article\/1065020-ram-adapte-ses-frequences-domestiques\">Cliquez ici pour lire l&rsquo;article depuis sa source.<\/a><\/p>\n","protected":false},"excerpt":{"rendered":"<p>Royal Air Maroc (RAM) a augment\u00e9 depuis lundi les fr\u00e9quences sur ses vols domestiques avec notamment neuf par semaine sur la ligne Casablanca-Dakhla et un r\u00e9seau domestique comptant 12 liaisons et 45 fr\u00e9quences par semaine. Outre Casa-Dakhla, qui passe de 7 \u00e0 9 fr\u00e9quences par semaine, le renforcement du service concerne aussi Casa-Oujda (3 \u00e0 [&hellip;]<\/p>\n","protected":false},"author":1763,"featured_media":0,"comment_status":"closed","ping_status":"closed","sticky":false,"template":"","format":"standard","meta":{"fifu_image_url":"","fifu_image_alt":"","footnotes":""},"categories":[78,54],"tags":[],"class_list":["post-93061","post","type-post","status-publish","format-standard","hentry","category-economie","category-maroc"],"_links":{"self":[{"href":"https:\/\/linitiative.ca\/International\/wp-json\/wp\/v2\/posts\/93061","targetHints":{"allow":["GET"]}}],"collection":[{"href":"https:\/\/linitiative.ca\/International\/wp-json\/wp\/v2\/posts"}],"about":[{"href":"https:\/\/linitiative.ca\/International\/wp-json\/wp\/v2\/types\/post"}],"author":[{"embeddable":true,"href":"https:\/\/linitiative.ca\/International\/wp-json\/wp\/v2\/users\/1763"}],"replies":[{"embeddable":true,"href":"https:\/\/linitiative.ca\/International\/wp-json\/wp\/v2\/comments?post=93061"}],"version-history":[{"count":0,"href":"https:\/\/linitiative.ca\/International\/wp-json\/wp\/v2\/posts\/93061\/revisions"}],"wp:attachment":[{"href":"https:\/\/linitiative.ca\/International\/wp-json\/wp\/v2\/media?parent=93061"}],"wp:term":[{"taxonomy":"category","embeddable":true,"href":"https:\/\/linitiative.ca\/International\/wp-json\/wp\/v2\/categories?post=93061"},{"taxonomy":"post_tag","embeddable":true,"href":"https:\/\/linitiative.ca\/International\/wp-json\/wp\/v2\/tags?post=93061"}],"curies":[{"name":"wp","href":"https:\/\/api.w.org\/{rel}","templated":true}]}}