{"id":93065,"date":"2020-07-21T11:37:56","date_gmt":"2020-07-21T15:37:56","guid":{"rendered":"https:\/\/linitiative.ca\/International\/lugtt-prend-ses-distances-et-les-jeunes-chomeurs-maintiennent-la-pression\/"},"modified":"2020-07-21T11:37:56","modified_gmt":"2020-07-21T15:37:56","slug":"lugtt-prend-ses-distances-et-les-jeunes-chomeurs-maintiennent-la-pression","status":"publish","type":"post","link":"https:\/\/linitiative.ca\/International\/lugtt-prend-ses-distances-et-les-jeunes-chomeurs-maintiennent-la-pression\/","title":{"rendered":"L\u2019UGTT prend ses distances  et les jeunes ch\u00f4meurs maintiennent la pression"},"content":{"rendered":"<p class=\"p1 c4\"><span class=\"c3\"><span class=\"s1 c2\"><strong>Le TEMPS &#8211; Walid KHEFIFI <span class=\"Apple-converted-space\">\u00a0<\/span><\/strong><\/span><\/span><\/p>\n<p class=\"p2 c5\"><span class=\"c3\">L\u2019activit\u00e9 \u00e9conomique est revenue \u00e0 la normale, hier,<span class=\"Apple-converted-space\">\u00a0<\/span> \u00e0 Tataouine \u00e0 la faveur de la lev\u00e9e de la gr\u00e8ve g\u00e9n\u00e9rale observ\u00e9e dans les secteurs public et priv\u00e9 dans ce gouvernorat depuis deux semaines pour r\u00e9clamer l\u2019activation d\u2019un accord sign\u00e9 en 2017 et portant sur le d\u00e9veloppement de la r\u00e9gion et la cr\u00e9ation de milliers d\u2019emplois.<\/span><\/p>\n<p class=\"p1 c6\"><span class=\"c3\">La d\u00e9cision de la suspension de la gr\u00e8ve a \u00e9t\u00e9 prise lors d\u2019une r\u00e9union du Bureau ex\u00e9cutif de l\u2019Union r\u00e9gionale du travail (URT) de Tataouine, suite aux soup\u00e7ons d\u2019instrumentalisation politique qui p\u00e8sent sur le mouvement de protestation entam\u00e9 en juin dernier par des jeunes ch\u00f4meurs.<span class=\"Apple-converted-space\">\u00a0<\/span> L\u2019Union G\u00e9n\u00e9rale Tunisienne du Travail (UGTT), la puissante centrale syndicale qui s\u2019\u00e9tait port\u00e9 garante de l\u2019application, l\u2019accord sign\u00e9 en 2017 entre le gouvernement les protestataires, a en effet accus\u00e9 le mouvement islamiste d\u2019Ennahdha d\u2019avoir pes\u00e9 de tout son poids pour pousser les protestataires \u00e0 fermer la station de pompage du site p\u00e9trolier El Kamour, situ\u00e9 en plein d\u00e9sert \u00e0 deux heures de route de Tataouine.<\/span><\/p>\n<p class=\"p2 c7\"><span class=\"c3\"><strong>Accusations contre Ennahdha<span class=\"Apple-converted-space\">\u00a0<\/span><\/strong><\/span><\/p>\n<p class=\"p1 c6\"><span class=\"c3\">\u00abMaintenant qu\u2019Ennahdha a pes\u00e9 de tout son poids pour bloquer la station de pompage en cette circonstance critique, les syndicalistes de Tataouine devraient appeler \u00e0 la reprise du travail \u00bb, avait \u00e9crit le secr\u00e9taire g\u00e9n\u00e9ral-adjoint de l\u2019UGTT, Sami Tahri, sur Facebook au lendemain de la fermeture de la station de pompage survenue jeudi dernier.<span class=\"Apple-converted-space\">\u00a0<\/span><\/span><\/p>\n<p class=\"p1 c6\"><span class=\"c3\">Pour att\u00e9nuer l\u2019impact de sa \u00abd\u00e9solidarisation \u00bb du mouvement de protestation, l\u2019Union r\u00e9gionale du travail (URT) de Tataouine a appel\u00e9, dans un communiqu\u00e9 publi\u00e9 samedi, \u00e0 maintenir la pression sur les autorit\u00e9s r\u00e9gionales et nationales jusqu\u2019\u00e0 la satisfaction des revendications des habitants de Tataouine.<\/span><\/p>\n<p class=\"p1 c6\"><span class=\"c3\">L\u2019antenne r\u00e9gionale de l\u2019UGTT a \u00e9galement r\u00e9it\u00e9r\u00e9, dans ce m\u00eame communiqu\u00e9, son soutien au mouvement de protestation et press\u00e9 le gouvernement \u00e0 l\u2019application int\u00e9grale des diverses clauses de l\u2019accord d\u2019El Kamour.<span class=\"Apple-converted-space\">\u00a0<\/span><\/span><\/p>\n<p class=\"p1 c6\"><span class=\"c3\">La coordination du sit-in d\u2019El Kamour a, quant \u00e0 elle, d\u00e9cid\u00e9 de poursuivre sa mobilisation et de maintenir le blocage de la station de pompage.<span class=\"Apple-converted-space\">\u00a0<\/span><\/span><\/p>\n<p class=\"p1 c6\"><span class=\"c3\">\u00abLa vanne de la station de p\u00e9trole d\u2019El Kamour restera ferm\u00e9e jusqu\u2019\u00e0 la satisfaction des revendications des habitants de la r\u00e9gion relatives \u00e0 la cr\u00e9ation de l\u2019emploi et du d\u00e9veloppement \u00bb, a pr\u00e9venu le coordinateur du sit-in, Dahou El Ghoul, tout en r\u00e9futant les accusations selon lesquels le mouvement de protestation vise servir des int\u00e9r\u00eats partisans.<span class=\"Apple-converted-space\">\u00a0<\/span><\/span><\/p>\n<p class=\"p2 c7\"><span class=\"c3\"><strong>Poursuivre la mobilisation <span class=\"Apple-converted-space\">\u00a0<\/span><\/strong><\/span><\/p>\n<p class=\"p1 c6\"><span class=\"c3\">La coordination du sit-in d\u2019El Kamour avait appel\u00e9, samedi, le pr\u00e9sident de la R\u00e9publique Ka\u00efs Sa\u00efed \u00e0 visiter la r\u00e9gion, et d\u00e9clin\u00e9 l\u2019invitation adress\u00e9e par le chef de l\u2019Etat aux repr\u00e9sentants des protestataires \u00e0 se rendre \u00e0 Tunis pour le rencontrer.<span class=\"Apple-converted-space\">\u00a0<\/span><\/span><\/p>\n<p class=\"p1 c6\"><span class=\"c3\">Le locataire du palais de Carthage avait d\u00e9j\u00e0 rencontr\u00e9 en janvier dernier des repr\u00e9sentants des protestataires d\u2019El Kamour. Il s\u2019\u00e9tait alors content\u00e9 de les inviter \u00e0 \u00abproposer des id\u00e9es de projets sans attendre l\u2019Etat\u00bb.<\/span><\/p>\n<p class=\"p1 c6\"><span class=\"c3\">Pour rappel,<span class=\"Apple-converted-space\">\u00a0<\/span> la coordination du sit-in avait rejet\u00e9, d\u00e9but juillet, les d\u00e9cisions annonc\u00e9es en faveur de la r\u00e9gion de Tataouine \u00e0 l\u2019issue du conseil minist\u00e9riel, et menac\u00e9 de durcir la mobilisation pour obliger l\u2019Etat \u00e0 respecter ses engagements. Ces d\u00e9cisions portent sur le recrutement de 500 personnes avant la fin de l\u2019ann\u00e9e en cours, le d\u00e9blocage via la Banque tunisienne de solidarit\u00e9 (BTS) de fonds suppl\u00e9mentaires au profit des institutions de microcr\u00e9dit et l\u2019organisation d\u2019un conseil r\u00e9gional extraordinaire pour identifier des projets d\u2019investissement dans le gouvernorat.<span class=\"Apple-converted-space\">\u00a0<\/span><\/span><\/p>\n<p class=\"p1 c6\"><span class=\"c3\">L\u2019accord sign\u00e9 en juin 2017 entre le gouvernement et les manifestants, apr\u00e8s un sit-in qui a dur\u00e9 pr\u00e8s de trois mois et caus\u00e9 un arr\u00eat de l\u2019importante station de pompage de p\u00e9trole d\u2019El Kamour, pr\u00e9voit notamment la cr\u00e9ation d\u2019un Fonds de d\u00e9veloppement et d\u2019investissement dans le gouvernorat de Tataouine dot\u00e9 d\u2019un budget annuel de 80 millions de dinars.<span class=\"Apple-converted-space\">\u00a0<\/span><\/span><\/p>\n<p class=\"p1 c6\"><span class=\"c3\">Il porte aussi sur le recrutement de 1500 jeunes dans les compagnies p\u00e9troli\u00e8res (1000 en 2017 et 500 en 2018), et<span class=\"Apple-converted-space\">\u00a0<\/span> de 3000 autres jeunes dans la Soci\u00e9t\u00e9 d\u2019entretien de l\u2019environnement et l\u2019octroi de la subvention de recherche de travail de 500 dinars aux ch\u00f4meurs.<span class=\"Apple-converted-space\">\u00a0<\/span><\/span><\/p>\n<p class=\"p1 c6\"><span class=\"c3\">L\u2019accord n\u2019a pas \u00e9t\u00e9 enti\u00e8rement appliqu\u00e9, et \u00e0 peine 44,4% des promesses faites par l\u2019ex\u00e9cutif ont \u00e9t\u00e9 respect\u00e9es, selon l\u2019ONG I Watch. <span class=\"Apple-converted-space\">\u00a0<\/span><\/span><\/p>\n<p class=\"p2 c5\">\u00a0<\/p>\n<p class=\"p3 c8\"><span class=\"c3\"><strong>W.K.<\/strong><\/span><\/p>\n<p>Auteur: letemps1<br \/>\n<a href=\"http:\/\/www.letemps.com.tn\/article\/115797\/l%E2%80%99ugtt-prend-ses-distances-et-les-jeunes-ch%C3%B4meurs-maintiennent-la-pression\">Cliquez ici pour lire l&rsquo;article depuis sa source.<\/a><\/p>\n","protected":false},"excerpt":{"rendered":"<p>Le TEMPS &#8211; Walid KHEFIFI \u00a0 L\u2019activit\u00e9 \u00e9conomique est revenue \u00e0 la normale, hier,\u00a0 \u00e0 Tataouine \u00e0 la faveur de la lev\u00e9e de la gr\u00e8ve g\u00e9n\u00e9rale observ\u00e9e dans les secteurs public et priv\u00e9 dans ce gouvernorat depuis deux semaines pour r\u00e9clamer l\u2019activation d\u2019un accord sign\u00e9 en 2017 et portant sur le d\u00e9veloppement de la r\u00e9gion [&hellip;]<\/p>\n","protected":false},"author":1773,"featured_media":0,"comment_status":"closed","ping_status":"closed","sticky":false,"template":"","format":"standard","meta":{"fifu_image_url":"","fifu_image_alt":"","footnotes":""},"categories":[73,55],"tags":[],"class_list":["post-93065","post","type-post","status-publish","format-standard","hentry","category-actualite","category-tunisie"],"_links":{"self":[{"href":"https:\/\/linitiative.ca\/International\/wp-json\/wp\/v2\/posts\/93065","targetHints":{"allow":["GET"]}}],"collection":[{"href":"https:\/\/linitiative.ca\/International\/wp-json\/wp\/v2\/posts"}],"about":[{"href":"https:\/\/linitiative.ca\/International\/wp-json\/wp\/v2\/types\/post"}],"author":[{"embeddable":true,"href":"https:\/\/linitiative.ca\/International\/wp-json\/wp\/v2\/users\/1773"}],"replies":[{"embeddable":true,"href":"https:\/\/linitiative.ca\/International\/wp-json\/wp\/v2\/comments?post=93065"}],"version-history":[{"count":0,"href":"https:\/\/linitiative.ca\/International\/wp-json\/wp\/v2\/posts\/93065\/revisions"}],"wp:attachment":[{"href":"https:\/\/linitiative.ca\/International\/wp-json\/wp\/v2\/media?parent=93065"}],"wp:term":[{"taxonomy":"category","embeddable":true,"href":"https:\/\/linitiative.ca\/International\/wp-json\/wp\/v2\/categories?post=93065"},{"taxonomy":"post_tag","embeddable":true,"href":"https:\/\/linitiative.ca\/International\/wp-json\/wp\/v2\/tags?post=93065"}],"curies":[{"name":"wp","href":"https:\/\/api.w.org\/{rel}","templated":true}]}}