{"id":93068,"date":"2020-07-21T15:13:34","date_gmt":"2020-07-21T19:13:34","guid":{"rendered":"https:\/\/linitiative.ca\/International\/pros-logc-nice-entre-en-course-pour-belaili\/"},"modified":"2020-07-21T15:13:34","modified_gmt":"2020-07-21T19:13:34","slug":"pros-logc-nice-entre-en-course-pour-belaili","status":"publish","type":"post","link":"https:\/\/linitiative.ca\/International\/pros-logc-nice-entre-en-course-pour-belaili\/","title":{"rendered":"Pros : L\u2019OGC Nice entre en course pour Belaili"},"content":{"rendered":"<div readability=\"32\">\n<p>Auteur : <span>Riad O<\/span> <span class=\"time\">mardi 21 juillet 2020 16:03<\/span><\/p>\n<\/div>\n<div id=\"post_core\" readability=\"39\">\n<p>L\u2019OGC Nice serait entr\u00e9 en course pour le recrutement de l\u2019attaquant de l\u2019EN, Youcef Belaili. A en croire certains m\u00e9dias fran\u00e7ais, le club ni\u00e7ois, o\u00f9 \u00e9voluent deux Alg\u00e9riens en l\u2019occurrence Atal et Boudaoui, suivrait de pr\u00e8s le dossier Belaili. Rappelons que Belaili souhaite \u00e9voluer en Europe.<\/p>\n<p><strong>Publi\u00e9 dans :<\/strong> <span>Bela\u00efli<\/span><\/p>\n<\/div>\n<p>Auteur:<br \/>\n<a href=\"http:\/\/www.lebuteur.com\/article\/detail?titre=logc-nice-entre-en-course-pour-belaili&#038;id=96661&#038;utm_source=feedburner&#038;utm_medium=feed&#038;utm_campaign=Feed%3A+GalerieFArtciles+%28Les+derniers+articles++-+lebuteur.com%29\">Cliquez ici pour lire l&rsquo;article depuis sa source.<\/a><\/p>\n","protected":false},"excerpt":{"rendered":"<p>Auteur : Riad O mardi 21 juillet 2020 16:03 L\u2019OGC Nice serait entr\u00e9 en course pour le recrutement de l\u2019attaquant de l\u2019EN, Youcef Belaili. A en croire certains m\u00e9dias fran\u00e7ais, le club ni\u00e7ois, o\u00f9 \u00e9voluent deux Alg\u00e9riens en l\u2019occurrence Atal et Boudaoui, suivrait de pr\u00e8s le dossier Belaili. Rappelons que Belaili souhaite \u00e9voluer en Europe. [&hellip;]<\/p>\n","protected":false},"author":1738,"featured_media":93069,"comment_status":"closed","ping_status":"closed","sticky":false,"template":"","format":"standard","meta":{"fifu_image_url":"","fifu_image_alt":"","footnotes":""},"categories":[53,75],"tags":[],"class_list":["post-93068","post","type-post","status-publish","format-standard","has-post-thumbnail","hentry","category-algerie","category-sport"],"_links":{"self":[{"href":"https:\/\/linitiative.ca\/International\/wp-json\/wp\/v2\/posts\/93068","targetHints":{"allow":["GET"]}}],"collection":[{"href":"https:\/\/linitiative.ca\/International\/wp-json\/wp\/v2\/posts"}],"about":[{"href":"https:\/\/linitiative.ca\/International\/wp-json\/wp\/v2\/types\/post"}],"author":[{"embeddable":true,"href":"https:\/\/linitiative.ca\/International\/wp-json\/wp\/v2\/users\/1738"}],"replies":[{"embeddable":true,"href":"https:\/\/linitiative.ca\/International\/wp-json\/wp\/v2\/comments?post=93068"}],"version-history":[{"count":0,"href":"https:\/\/linitiative.ca\/International\/wp-json\/wp\/v2\/posts\/93068\/revisions"}],"wp:featuredmedia":[{"embeddable":true,"href":"https:\/\/linitiative.ca\/International\/wp-json\/"}],"wp:attachment":[{"href":"https:\/\/linitiative.ca\/International\/wp-json\/wp\/v2\/media?parent=93068"}],"wp:term":[{"taxonomy":"category","embeddable":true,"href":"https:\/\/linitiative.ca\/International\/wp-json\/wp\/v2\/categories?post=93068"},{"taxonomy":"post_tag","embeddable":true,"href":"https:\/\/linitiative.ca\/International\/wp-json\/wp\/v2\/tags?post=93068"}],"curies":[{"name":"wp","href":"https:\/\/api.w.org\/{rel}","templated":true}]}}