{"id":93072,"date":"2020-07-21T15:13:41","date_gmt":"2020-07-21T19:13:41","guid":{"rendered":"https:\/\/linitiative.ca\/International\/international-la-contre-attaque-de-lom-contre-mohamed-ayachi-ajroudi-et-mourad-boudjellal\/"},"modified":"2020-07-21T15:13:41","modified_gmt":"2020-07-21T19:13:41","slug":"international-la-contre-attaque-de-lom-contre-mohamed-ayachi-ajroudi-et-mourad-boudjellal","status":"publish","type":"post","link":"https:\/\/linitiative.ca\/International\/international-la-contre-attaque-de-lom-contre-mohamed-ayachi-ajroudi-et-mourad-boudjellal\/","title":{"rendered":"International : La contre-attaque de l&rsquo;OM contre Mohamed Ayachi Ajroudi et Mourad Boudjellal"},"content":{"rendered":"<div readability=\"32\">\n<p>Auteur : <span class=\"time\">mardi 21 juillet 2020 19:38<\/span><\/p>\n<\/div>\n<div id=\"post_core\" readability=\"77\">\n<p>Depuis plusieurs semaines, le propri\u00e9taire phoc\u00e9en Frank McCourt d\u00e9ment son intention de vendre, malgr\u00e9 un projet de rachat men\u00e9 par l&rsquo;homme d&rsquo;affaires Mohamed Ayachi Ajroudi et Mourad Boudjellal. D\u00e9plorant une \u00ab\u00a0tentative de d\u00e9stabilisation\u00a0\u00bb, l&rsquo;OM a assign\u00e9 les deux hommes en justice !<\/p>\n<p>\u00ab\u00a0Depuis la reprise du club par Frank McCourt en 2016, l&rsquo;Olympique de Marseille met en oeuvre un plan strat\u00e9gique global \u00e0 long terme pour restaurer l&rsquo;ambition du club, atteindre l&rsquo;excellence \u00e0 la fois sur le terrain et en dehors, et apporter de la stabilit\u00e9 \u00e0 une nouvelle organisation plus professionnelle.<\/p>\n<p>Depuis plus de trois semaines, Messieurs Ayachi Ajroudi et Boudjellal ont entrepris une campagne m\u00e9diatique pour d\u00e9stabiliser le club. L\u2019Olympique de Marseille, dont les investigations ont permis de r\u00e9unir de nombreux \u00e9l\u00e9ments \u00e0 charge, entend faire condamner les auteurs de cette campagne de d\u00e9stabilisation.<\/p>\n<p>A aucun moment Monsieur McCourt n\u2019a envisag\u00e9 de c\u00e9der sa participation dans Olympique de Marseille SASP \u00e0 Messieurs Ayachi Ajroudi et Boudjellal. Contrairement \u00e0 ce qui a pu \u00eatre affirm\u00e9 dans les m\u00e9dias, ni Monsieur McCourt ni quiconque appartenant au groupe McCourt et \u00e0 l&rsquo;OM n\u2019a eu le moindre contact avec eux ou leurs conseils.<\/p>\n<p>Ce comportement non professionnel et sournois est une attaque \u00e0 l&rsquo;encontre de l&rsquo;OM et de ses supporters. \u00c0 un moment o\u00f9 le club a obtenu des succ\u00e8s significatifs et est en train de b\u00e2tir un avenir prometteur, ces deux individus ont d\u00e9cid\u00e9 de lancer une campagne destructrice et \u00e9go\u00efste bas\u00e9e sur des tromperies et des mensonges.<\/p>\n<p>Personne ne devrait utiliser l\u2019Olympique de Marseille afin d\u2019asseoir sa notori\u00e9t\u00e9 personnelle et au m\u00e9pris des r\u00e8gles les plus commun\u00e9ment admises dans le monde des affaires.<\/p>\n<p>L\u2019Olympique de Marseille a d\u00e9cid\u00e9 d\u2019agir en justice \u00e0 l\u2019encontre de Messieurs Ayachi Ajroudi et Boudjellal. Une assignation pr\u00e9par\u00e9e par le cabinet Malka et Associ\u00e9s leur a \u00e9t\u00e9 d\u00e9livr\u00e9e ce jour par huissier.<\/p>\n<p>Il est d\u00e9sormais temps de se concentrer pleinement sur la premi\u00e8re saison du club en Ligue des Champions depuis sept ans\u00a0\u00bb, peut-on lire dans un communiqu\u00e9 officiel ce mardi et comme rapport\u00e9 par Maxifoot.<\/p>\n<p><strong>Publi\u00e9 dans :<\/strong> <span>Marseille<\/span><\/p>\n<\/div>\n<p>Auteur:<br \/>\n<a href=\"http:\/\/www.lebuteur.com\/article\/detail?titre=la-contre-attaque-de-lom-contre-mohamed-ayachi-ajroudi-et-mourad-boudjellal&#038;id=96663&#038;utm_source=feedburner&#038;utm_medium=feed&#038;utm_campaign=Feed%3A+GalerieFArtciles+%28Les+derniers+articles++-+lebuteur.com%29\">Cliquez ici pour lire l&rsquo;article depuis sa source.<\/a><\/p>\n","protected":false},"excerpt":{"rendered":"<p>Auteur : mardi 21 juillet 2020 19:38 Depuis plusieurs semaines, le propri\u00e9taire phoc\u00e9en Frank McCourt d\u00e9ment son intention de vendre, malgr\u00e9 un projet de rachat men\u00e9 par l&rsquo;homme d&rsquo;affaires Mohamed Ayachi Ajroudi et Mourad Boudjellal. D\u00e9plorant une \u00ab\u00a0tentative de d\u00e9stabilisation\u00a0\u00bb, l&rsquo;OM a assign\u00e9 les deux hommes en justice ! \u00ab\u00a0Depuis la reprise du club par [&hellip;]<\/p>\n","protected":false},"author":1738,"featured_media":93073,"comment_status":"closed","ping_status":"closed","sticky":false,"template":"","format":"standard","meta":{"fifu_image_url":"","fifu_image_alt":"","footnotes":""},"categories":[53,75],"tags":[],"class_list":["post-93072","post","type-post","status-publish","format-standard","has-post-thumbnail","hentry","category-algerie","category-sport"],"_links":{"self":[{"href":"https:\/\/linitiative.ca\/International\/wp-json\/wp\/v2\/posts\/93072","targetHints":{"allow":["GET"]}}],"collection":[{"href":"https:\/\/linitiative.ca\/International\/wp-json\/wp\/v2\/posts"}],"about":[{"href":"https:\/\/linitiative.ca\/International\/wp-json\/wp\/v2\/types\/post"}],"author":[{"embeddable":true,"href":"https:\/\/linitiative.ca\/International\/wp-json\/wp\/v2\/users\/1738"}],"replies":[{"embeddable":true,"href":"https:\/\/linitiative.ca\/International\/wp-json\/wp\/v2\/comments?post=93072"}],"version-history":[{"count":0,"href":"https:\/\/linitiative.ca\/International\/wp-json\/wp\/v2\/posts\/93072\/revisions"}],"wp:featuredmedia":[{"embeddable":true,"href":"https:\/\/linitiative.ca\/International\/wp-json\/"}],"wp:attachment":[{"href":"https:\/\/linitiative.ca\/International\/wp-json\/wp\/v2\/media?parent=93072"}],"wp:term":[{"taxonomy":"category","embeddable":true,"href":"https:\/\/linitiative.ca\/International\/wp-json\/wp\/v2\/categories?post=93072"},{"taxonomy":"post_tag","embeddable":true,"href":"https:\/\/linitiative.ca\/International\/wp-json\/wp\/v2\/tags?post=93072"}],"curies":[{"name":"wp","href":"https:\/\/api.w.org\/{rel}","templated":true}]}}