{"id":93085,"date":"2020-07-21T11:47:00","date_gmt":"2020-07-21T15:47:00","guid":{"rendered":"https:\/\/linitiative.ca\/International\/tissemsilt-regression-des-affaires-de-droit-commun-en-juin\/"},"modified":"2020-07-21T11:47:00","modified_gmt":"2020-07-21T15:47:00","slug":"tissemsilt-regression-des-affaires-de-droit-commun-en-juin","status":"publish","type":"post","link":"https:\/\/linitiative.ca\/International\/tissemsilt-regression-des-affaires-de-droit-commun-en-juin\/","title":{"rendered":"TISSEMSILT : R\u00e9gression des affaires de droit commun en juin"},"content":{"rendered":"<p><br id=\"sep_para_1\" class=\"sep_para access\"\/><\/p>\n<div id=\"para_1\" class=\"para_37978110 resize\">\n<div class=\"texte access firstletter\">Dans le cadre de la lutte contre la criminalit\u00e9 sous toutes ses formes en milieu urbain, les services de s\u00fbret\u00e9 de la wilaya de Tissemsilt ont r\u00e9ussi au cours du mois de juin 2020 \u00e0 enregistrer et traiter plus exactement (148) affaires de droit commun dont (165) personnes ont \u00e9t\u00e9 arr\u00eat\u00e9es et d\u00e9f\u00e9r\u00e9es devant les autorit\u00e9s judiciaires. Dans ces affaires enregistr\u00e9es, les crimes contre les personnes sont au premier plan, avec(52) affaires impliquant (62) personnes, suivies des crimes contre les biens, avec (47) affaires impliquant (35) personnes et ont toutes \u00e9t\u00e9 trait\u00e9es. Dans le domaine de la lutte contre le ph\u00e9nom\u00e8ne de la consommation et de la promotion des boissons alcoolis\u00e9es, le m\u00eame service a enregistr\u00e9 03 affaires durant le mois de Juin qui ont tous \u00e9t\u00e9 trait\u00e9s avec la saisi de (285) unit\u00e9s de boissons alcoolis\u00e9es de diff\u00e9rents types et tailles, en plus d&rsquo;enregistrer deux affaires( 02) li\u00e9es au trafic de drogue (Kif trait\u00e9) et de psychotropes, impliquant (13) personnes avec la saisie de (32) grammes de Kif trait\u00e9 et (109) comprim\u00e9s de psychotropes.<\/div>\n<\/div>\n<p>Auteur: A. Ould El Hadri<br \/>\n<a href=\"https:\/\/www.reflexiondz.net\/TISSEMSILT-Regression-des-affaires-de-droit-commun-en-juin_a64134.html\">Cliquez ici pour lire l&rsquo;article depuis sa source.<\/a><\/p>\n","protected":false},"excerpt":{"rendered":"<p>Dans le cadre de la lutte contre la criminalit\u00e9 sous toutes ses formes en milieu urbain, les services de s\u00fbret\u00e9 de la wilaya de Tissemsilt ont r\u00e9ussi au cours du mois de juin 2020 \u00e0 enregistrer et traiter plus exactement (148) affaires de droit commun dont (165) personnes ont \u00e9t\u00e9 arr\u00eat\u00e9es et d\u00e9f\u00e9r\u00e9es devant les [&hellip;]<\/p>\n","protected":false},"author":1740,"featured_media":0,"comment_status":"closed","ping_status":"closed","sticky":false,"template":"","format":"standard","meta":{"fifu_image_url":"","fifu_image_alt":"","footnotes":""},"categories":[53,76],"tags":[],"class_list":["post-93085","post","type-post","status-publish","format-standard","hentry","category-algerie","category-regions"],"_links":{"self":[{"href":"https:\/\/linitiative.ca\/International\/wp-json\/wp\/v2\/posts\/93085","targetHints":{"allow":["GET"]}}],"collection":[{"href":"https:\/\/linitiative.ca\/International\/wp-json\/wp\/v2\/posts"}],"about":[{"href":"https:\/\/linitiative.ca\/International\/wp-json\/wp\/v2\/types\/post"}],"author":[{"embeddable":true,"href":"https:\/\/linitiative.ca\/International\/wp-json\/wp\/v2\/users\/1740"}],"replies":[{"embeddable":true,"href":"https:\/\/linitiative.ca\/International\/wp-json\/wp\/v2\/comments?post=93085"}],"version-history":[{"count":0,"href":"https:\/\/linitiative.ca\/International\/wp-json\/wp\/v2\/posts\/93085\/revisions"}],"wp:attachment":[{"href":"https:\/\/linitiative.ca\/International\/wp-json\/wp\/v2\/media?parent=93085"}],"wp:term":[{"taxonomy":"category","embeddable":true,"href":"https:\/\/linitiative.ca\/International\/wp-json\/wp\/v2\/categories?post=93085"},{"taxonomy":"post_tag","embeddable":true,"href":"https:\/\/linitiative.ca\/International\/wp-json\/wp\/v2\/tags?post=93085"}],"curies":[{"name":"wp","href":"https:\/\/api.w.org\/{rel}","templated":true}]}}