{"id":93101,"date":"2020-07-21T12:35:02","date_gmt":"2020-07-21T16:35:02","guid":{"rendered":"https:\/\/linitiative.ca\/International\/voici-les-nouveautes-de-la-carte-didentite-nationale-electronique\/"},"modified":"2020-07-21T12:35:02","modified_gmt":"2020-07-21T16:35:02","slug":"voici-les-nouveautes-de-la-carte-didentite-nationale-electronique","status":"publish","type":"post","link":"https:\/\/linitiative.ca\/International\/voici-les-nouveautes-de-la-carte-didentite-nationale-electronique\/","title":{"rendered":"Voici les nouveaut\u00e9s de la Carte d\u2019identit\u00e9 nationale \u00e9lectronique"},"content":{"rendered":"<p><strong>La Commission de l\u2019int\u00e9rieur, des collectivit\u00e9s territoriales et des infrastructures \u00e0 la Chambre des conseillers a adopt\u00e9 mardi le projet de loi 04.20 relative \u00e0 la Carte d\u2019identit\u00e9 nationale \u00e9lectronique (CINE), lors d\u2019une r\u00e9union tenue en pr\u00e9sence du ministre de l\u2019Int\u00e9rieur, Abdelouafi Laftit.<\/strong><\/p>\n<div class=\"c10\"\/>\n<p>Dans son expos\u00e9 sur le projet de loi, le ministre \u00a0a relev\u00e9 que ce texte vise \u00e0 mettre en place une nouvelle g\u00e9n\u00e9ration de cartes d\u2019identit\u00e9 nationales \u00e9lectroniques r\u00e9pondant aux normes de s\u00e9curit\u00e9 avanc\u00e9es et garantissant la protection des citoyens. Celles-ci seront davantage d\u00e9velopp\u00e9es afin de r\u00e9duire les cas de fraude et d\u2019usurpation d\u2019identit\u00e9, tout en int\u00e9grant de nouvelles fonctionnalit\u00e9s conformes \u00e0 la vision du Royaume en mati\u00e8re de d\u00e9veloppement num\u00e9rique. Il a soulign\u00e9 que le projet de mise \u00e0 jour de la Carte d\u2019identit\u00e9 \u00e9lectronique nationale int\u00e8gre de nouveaux \u00e9l\u00e9ments de s\u00e9curit\u00e9 mat\u00e9rielle et immat\u00e9rielle, conform\u00e9ment aux recommandations en vigueur en la mati\u00e8re, de m\u00eame que des solutions permettant l\u2019usage de ce document d\u2019identit\u00e9 dans les services \u00e9lectroniques.<\/p>\n<p>La CINE constituera un \u00ab\u00a0pont rapide et s\u00fbr\u00a0\u00bb vers les services num\u00e9riques, a-t-il affirm\u00e9, pr\u00e9cisant que cette derni\u00e8re garantira aux citoyens marocains la possibilit\u00e9 d\u2019un acc\u00e8s s\u00fbr aux services num\u00e9riques des \u00e9tablissements publics et priv\u00e9s, tout en assurant la protection leurs donn\u00e9es \u00e0 caract\u00e8re personnel. Il a estim\u00e9 que ces d\u00e9veloppements ont impliqu\u00e9 une modification des textes juridiques encadrant les proc\u00e9dures relatives \u00e0 la Carte d\u2019identit\u00e9 nationale \u00e9lectronique, ainsi que l\u2019exploitation de ses fonctionnalit\u00e9s, relevant que dans ce contexte, le projet de loi en question vient remplacer la loi n\u00b0 35.06 portant cr\u00e9ation de la CIN.<\/p>\n<p><strong>Lire aussi | <a href=\"https:\/\/www.challenge.ma\/carte-didentite-voici-le-nouveau-look-de-la-cnie-119032\/\" target=\"_blank\" rel=\"noreferrer noopener\" aria-label=\"Carte d&#x2019;identit&#xE9; &#xE9;lectronique : Tout ce qu&#x2019;il faut savoir (opens in a new tab)\">Carte d\u2019identit\u00e9 \u00e9lectronique : Tout ce qu\u2019il faut savoir<\/a><\/strong><\/p>\n<p>Selon le ministre, le projet de loi est enrichi par de nouvelles dispositions encadrant les nouvelles fonctionnalit\u00e9s de la carte, en particulier dans le domaine num\u00e9rique. Les principales nouveaut\u00e9s incluses dans ce projet, a-t-il pr\u00e9cis\u00e9, concernent la r\u00e9duction de 18 \u00e0 16 ans de l\u2019\u00e2ge obligatoire d\u2019obtention de la CINE, et la possibilit\u00e9 de l\u2019octroyer aux mineurs, sur demande de leurs repr\u00e9sentants l\u00e9gaux, avec obligation de renouvellement \u00e0 l\u2019\u00e2ge de 12 ans, pour l\u2019enregistrement des empreintes. S\u2019agissant des nouvelles dispositions de la CINE, le responsable gouvernemental a indiqu\u00e9 que le projet de loi pr\u00e9voit le remplacement du code barre de la carte actuelle par une zone de lecture automatique et la cr\u00e9ation d\u2019un code \u00e0 barres imprim\u00e9 sur le verso de la carte. Ces deux \u00e9l\u00e9ments permettent d\u2019acc\u00e9der \u00e0 la version enregistr\u00e9e dans la puce \u00e9lectronique, comprenant les informations disponibles sur le recto et le verso de la CINE afin de mieux faciliter l\u2019automatisation.<\/p>\n<p>Lire aussi | <a href=\"https:\/\/www.challenge.ma\/el-hammouchi-appelle-a-la-mobilisation-generale-contre-le-covid-19-140605\/\" target=\"_blank\" rel=\"noreferrer noopener\" aria-label=\" (opens in a new tab)\">El Hammouchi appelle \u00e0 la mobilisation g\u00e9n\u00e9rale contre la Covid-19<\/a><\/p>\n<p>Il s\u2019agit aussi, a-t-il poursuivi, de dispositions permettant l\u2019enregistrement d\u2019informations suppl\u00e9mentaires facultatives \u00e0 la demande du titulaire de la carte, au niveau de la puce \u00e9lectronique, expliquant que ces informations suppl\u00e9mentaires sont li\u00e9es \u00e0 l\u2019ach\u00e8vement de certaines proc\u00e9dures administratives, telles que l\u2019adresse e-mail, le num\u00e9ro de t\u00e9l\u00e9phone ou encore le nom et les coordonn\u00e9es d\u2019une personne \u00e0 contacter en cas d\u2019urgence.<\/p>\n<p>Avec MAP<\/p>\n<div class=\"vw-sticky-sidebar-wrapper vw-sticky-sidebar widget_text awac-wrapper widget_text awac widget custom_html-4 textwidget custom-html-widget\">\n<p class=\"has-background c12\"><span class=\"widget-title c11\">Tribune et D\u00e9bats<\/span><\/p>\n<p>La tribune qui vous parle d\u2019une actu, d\u2019un sujet qui fait d\u00e9bat, les traitent et les analysent. \u00c9conomistes et autres experts, patrons d\u2019entreprises, d\u00e9cideurs, acteurs de la soci\u00e9t\u00e9 civile, s\u2019y prononcent et contribuent \u00e0 sa grande richesse. Vous avez votre opinion, convergente ou diff\u00e9rente. Exprimez-la et mesurez-vous ainsi \u00e0 nos tribuns et d\u00e9batteurs.<\/p>\n<p>Envoyez vos analyses \u00e0 : <a href=\"\/cdn-cgi\/l\/email-protection#7f1c10110b1e1c0b3f1c171e13131a11181a51121e\"><span class=\"__cf_email__\" data-cfemail=\"eb8884859f8a889fab88838a87878e858c8ec5868a\">[email\u00a0protected]<\/span><\/a>, en pr\u00e9cisant votre nom, votre pr\u00e9nom et votre m\u00e9tier.<\/p>\n<\/div>\n<p>Auteur: Karim Handaoui<br \/>\n<a href=\"https:\/\/www.challenge.ma\/voici-les-nouveautes-de-la-carte-didentite-nationale-electronique-150283\/\">Cliquez ici pour lire l&rsquo;article depuis sa source.<\/a><\/p>\n","protected":false},"excerpt":{"rendered":"<p>La Commission de l\u2019int\u00e9rieur, des collectivit\u00e9s territoriales et des infrastructures \u00e0 la Chambre des conseillers a adopt\u00e9 mardi le projet de loi 04.20 relative \u00e0 la Carte d\u2019identit\u00e9 nationale \u00e9lectronique (CINE), lors d\u2019une r\u00e9union tenue en pr\u00e9sence du ministre de l\u2019Int\u00e9rieur, Abdelouafi Laftit. Dans son expos\u00e9 sur le projet de loi, le ministre \u00a0a relev\u00e9 [&hellip;]<\/p>\n","protected":false},"author":1787,"featured_media":0,"comment_status":"closed","ping_status":"closed","sticky":false,"template":"","format":"standard","meta":{"fifu_image_url":"","fifu_image_alt":"","footnotes":""},"categories":[78,54],"tags":[],"class_list":["post-93101","post","type-post","status-publish","format-standard","hentry","category-economie","category-maroc"],"_links":{"self":[{"href":"https:\/\/linitiative.ca\/International\/wp-json\/wp\/v2\/posts\/93101","targetHints":{"allow":["GET"]}}],"collection":[{"href":"https:\/\/linitiative.ca\/International\/wp-json\/wp\/v2\/posts"}],"about":[{"href":"https:\/\/linitiative.ca\/International\/wp-json\/wp\/v2\/types\/post"}],"author":[{"embeddable":true,"href":"https:\/\/linitiative.ca\/International\/wp-json\/wp\/v2\/users\/1787"}],"replies":[{"embeddable":true,"href":"https:\/\/linitiative.ca\/International\/wp-json\/wp\/v2\/comments?post=93101"}],"version-history":[{"count":0,"href":"https:\/\/linitiative.ca\/International\/wp-json\/wp\/v2\/posts\/93101\/revisions"}],"wp:attachment":[{"href":"https:\/\/linitiative.ca\/International\/wp-json\/wp\/v2\/media?parent=93101"}],"wp:term":[{"taxonomy":"category","embeddable":true,"href":"https:\/\/linitiative.ca\/International\/wp-json\/wp\/v2\/categories?post=93101"},{"taxonomy":"post_tag","embeddable":true,"href":"https:\/\/linitiative.ca\/International\/wp-json\/wp\/v2\/tags?post=93101"}],"curies":[{"name":"wp","href":"https:\/\/api.w.org\/{rel}","templated":true}]}}