{"id":93104,"date":"2020-07-21T14:51:19","date_gmt":"2020-07-21T18:51:19","guid":{"rendered":"https:\/\/linitiative.ca\/International\/reouverture-des-musees-le-27-juillet\/"},"modified":"2020-07-21T14:51:19","modified_gmt":"2020-07-21T18:51:19","slug":"reouverture-des-musees-le-27-juillet","status":"publish","type":"post","link":"https:\/\/linitiative.ca\/International\/reouverture-des-musees-le-27-juillet\/","title":{"rendered":"R\u00e9ouverture des mus\u00e9es le 27 juillet"},"content":{"rendered":"<p><strong>Suite \u00e0 l\u2019annonce officielle permettant l\u2019ouverture des mus\u00e9es le 20 juillet, la Fondation nationale des mus\u00e9es a soulign\u00e9 que la r\u00e9ouverture de ses espaces mus\u00e9aux se fera \u00e0 partir du 27 juillet 2020.<\/strong><\/p>\n<div class=\"c10\"\/>\n<p>La Fondation fait savoir qu&rsquo;\u00a0\u00bbapr\u00e8s plusieurs semaines \u00e0 repenser l\u2019acc\u00e8s aux espaces et \u00e0 pr\u00e9parer une programmation culturelle mettant en avant les collections nationales, les mus\u00e9es sont pr\u00eats \u00e0 accueillir le public en lui offrant une exp\u00e9rience mus\u00e9ale s\u00e9curis\u00e9e\u00a0\u00bb. Et conform\u00e9ment aux recommandations \u00e9mises pour limiter la propagation de la Covid-19, les mesures sanitaires visant \u00e0 prot\u00e9ger la sant\u00e9 des visiteurs et du personnel ont \u00e9t\u00e9 mises en place. Dans ce sens, la Fondation appelle \u00e0 r\u00e9server les places par t\u00e9l\u00e9phone avant la visite, dans la mesure o\u00f9 un nombre limit\u00e9 de visiteurs sera admis et ce, pour s\u2019assurer du respect de la distanciation sociale requise, ajoutant qu\u2019\u00e0 l\u2019arriv\u00e9e, les visiteurs doivent \u00eatre munis de leur masque et un agent prendra la temp\u00e9rature avant de permettre l\u2019acc\u00e8s aux espaces, et que des distributeurs de gel hydroalcoolique sans contact seront mis \u00e0 disposition des visiteurs \u00e0 l\u2019entr\u00e9e des mus\u00e9es.<\/p>\n<p><strong>Lire aussi |<\/strong> <a rel=\"noreferrer noopener\" aria-label=\" (opens in a new tab)\" href=\"https:\/\/www.challenge.ma\/lassociation-les-imperiales-lance-le-musee-de-la-publicite-et-des-medias-2-129727\/\" target=\"_blank\"><strong>L\u2019association \u00ab Les Imp\u00e9riales \u00bb lance le Mus\u00e9e de la Publicit\u00e9 et des M\u00e9dias<\/strong><\/a><\/p>\n<p>Pendant la visite, les espaces des mus\u00e9es seront fl\u00e9ch\u00e9s pour d\u00e9finir le sens de la visite, afin d\u2019\u00e9viter le croisement des visiteurs et respecter la distanciation physique d\u2019un m\u00e8tre. Quand aux gestes barri\u00e8res, la Fondation explique que les consignes sanitaires vont \u00eatre rappel\u00e9es dans les diff\u00e9rents mus\u00e9es \u00e0 l\u2019aide de panneaux d\u2019information et la mise en place d\u2019une fr\u00e9quence de nettoyage accrue des espaces, des surfaces et des appareils \u00e9lectroniques.<\/p>\n<p><strong>Lire aussi |<\/strong> <a rel=\"noreferrer noopener\" aria-label=\" (opens in a new tab)\" href=\"https:\/\/www.challenge.ma\/un-musee-de-la-photo-au-fort-rottembourg-une-inauguration-sous-le-signe-de-la-jeunesse-128468\/\" target=\"_blank\"><strong>Un Mus\u00e9e de la Photo au Fort Rottembourg : Une inauguration sous le signe de la jeunesse<\/strong><\/a><\/p>\n<p>Ainsi, ouvriront leurs espaces, le lundi 27 juillet, le Mus\u00e9e des Confluences Dar El Bacha et le Mus\u00e9e du Tissage et du Tapis Dar Si Said \u00e0 Marrakech, tous les jours de 10h \u00e0 18h, \u00e0 l\u2019exception du lundi pour le premier et du mardi pour le deuxi\u00e8me. A T\u00e9touan, le Mus\u00e9e arch\u00e9ologique ouvrira tous les jours de 10h \u00e0 18h, \u00e0 l\u2019exception du mardi, \u00e0 l\u2019instar du Mus\u00e9e national de la C\u00e9ramique de Safi. Le Mus\u00e9e Kasbah des Cultures m\u00e9diterran\u00e9ennes de Tanger ouvrira, quant \u00e0 lui, tous les jours de 10h \u00e0 17h30, mais restera ferm\u00e9 chaque mardi. A Rabat, le mus\u00e9e national de la Photographie sera accessible tous les jours, de 10h \u00e0 19h, sauf mardi. Ouvriront, le lundi 10 ao\u00fbt, le Mus\u00e9e Mohammed VI d\u2019art moderne et contemporain et le Mus\u00e9e de l\u2019Histoire et des Civilisations \u00e0 Rabat, respectivement de 10h \u00e0 20h et 10h \u00e0 18h, \u00e0 l\u2019exception des mardis.<\/p>\n<p>Avec MAP<\/p>\n<div class=\"vw-sticky-sidebar-wrapper vw-sticky-sidebar widget_text awac-wrapper widget_text awac widget custom_html-4 textwidget custom-html-widget\">\n<p class=\"has-background c12\"><span class=\"widget-title c11\">Tribune et D\u00e9bats<\/span><\/p>\n<p>La tribune qui vous parle d\u2019une actu, d\u2019un sujet qui fait d\u00e9bat, les traitent et les analysent. \u00c9conomistes et autres experts, patrons d\u2019entreprises, d\u00e9cideurs, acteurs de la soci\u00e9t\u00e9 civile, s\u2019y prononcent et contribuent \u00e0 sa grande richesse. Vous avez votre opinion, convergente ou diff\u00e9rente. Exprimez-la et mesurez-vous ainsi \u00e0 nos tribuns et d\u00e9batteurs.<\/p>\n<p>Envoyez vos analyses \u00e0 : <a href=\"\/cdn-cgi\/l\/email-protection#54373b3a2035372014373c353838313a33317a3935\"><span class=\"__cf_email__\" data-cfemail=\"dcbfb3b2a8bdbfa89cbfb4bdb0b0b9b2bbb9f2b1bd\">[email\u00a0protected]<\/span><\/a>, en pr\u00e9cisant votre nom, votre pr\u00e9nom et votre m\u00e9tier.<\/p>\n<\/div>\n<p>Auteur: Karim Handaoui<br \/>\n<a href=\"https:\/\/www.challenge.ma\/reouverture-des-musees-le-27-juillet-150312\/\">Cliquez ici pour lire l&rsquo;article depuis sa source.<\/a><\/p>\n","protected":false},"excerpt":{"rendered":"<p>Suite \u00e0 l\u2019annonce officielle permettant l\u2019ouverture des mus\u00e9es le 20 juillet, la Fondation nationale des mus\u00e9es a soulign\u00e9 que la r\u00e9ouverture de ses espaces mus\u00e9aux se fera \u00e0 partir du 27 juillet 2020. La Fondation fait savoir qu&rsquo;\u00a0\u00bbapr\u00e8s plusieurs semaines \u00e0 repenser l\u2019acc\u00e8s aux espaces et \u00e0 pr\u00e9parer une programmation culturelle mettant en avant les [&hellip;]<\/p>\n","protected":false},"author":1787,"featured_media":0,"comment_status":"closed","ping_status":"closed","sticky":false,"template":"","format":"standard","meta":{"fifu_image_url":"","fifu_image_alt":"","footnotes":""},"categories":[78,54],"tags":[],"class_list":["post-93104","post","type-post","status-publish","format-standard","hentry","category-economie","category-maroc"],"_links":{"self":[{"href":"https:\/\/linitiative.ca\/International\/wp-json\/wp\/v2\/posts\/93104","targetHints":{"allow":["GET"]}}],"collection":[{"href":"https:\/\/linitiative.ca\/International\/wp-json\/wp\/v2\/posts"}],"about":[{"href":"https:\/\/linitiative.ca\/International\/wp-json\/wp\/v2\/types\/post"}],"author":[{"embeddable":true,"href":"https:\/\/linitiative.ca\/International\/wp-json\/wp\/v2\/users\/1787"}],"replies":[{"embeddable":true,"href":"https:\/\/linitiative.ca\/International\/wp-json\/wp\/v2\/comments?post=93104"}],"version-history":[{"count":0,"href":"https:\/\/linitiative.ca\/International\/wp-json\/wp\/v2\/posts\/93104\/revisions"}],"wp:attachment":[{"href":"https:\/\/linitiative.ca\/International\/wp-json\/wp\/v2\/media?parent=93104"}],"wp:term":[{"taxonomy":"category","embeddable":true,"href":"https:\/\/linitiative.ca\/International\/wp-json\/wp\/v2\/categories?post=93104"},{"taxonomy":"post_tag","embeddable":true,"href":"https:\/\/linitiative.ca\/International\/wp-json\/wp\/v2\/tags?post=93104"}],"curies":[{"name":"wp","href":"https:\/\/api.w.org\/{rel}","templated":true}]}}