{"id":93105,"date":"2020-07-21T17:07:11","date_gmt":"2020-07-21T21:07:11","guid":{"rendered":"https:\/\/linitiative.ca\/International\/nouveaux-contrats-dassurance-les-assureurs-marocains-se-mettent-a-labri\/"},"modified":"2020-07-21T17:07:11","modified_gmt":"2020-07-21T21:07:11","slug":"nouveaux-contrats-dassurance-les-assureurs-marocains-se-mettent-a-labri","status":"publish","type":"post","link":"https:\/\/linitiative.ca\/International\/nouveaux-contrats-dassurance-les-assureurs-marocains-se-mettent-a-labri\/","title":{"rendered":"Nouveaux contrats d\u2019assurance: les assureurs marocains se mettent \u00e0  l\u2019abri !"},"content":{"rendered":"<p><strong>Alors qu\u2019ils sont attendus pour faire un effort additionnel de solidarit\u00e9 envers leurs assur\u00e9s dans le contexte de la crise actuelle, les assureurs marocains semblent plut\u00f4t d\u00e9termin\u00e9s \u00e0 se mettre juridiquement \u00e0 l\u2019abri de toute r\u00e9clamation \u00e0 l\u2019avenir\u00a0!<\/strong><\/p>\n<div class=\"c10\"\/>\n<p>En effet, depuis quelques jours, plusieurs\u00a0 compagnies d\u2019assurance ont rajout\u00e9 aux multiples clauses d\u2019exclusion de leur responsabilit\u00e9 dans la couverture des diff\u00e9rents risques d\u2019exploitation, un champ proprement explicite concernant les pand\u00e9mies sanitaires. Une man\u0153uvre qui vise \u00e0 exclure d\u00e9finitivement les pertes d\u2019exploitation dues aux cons\u00e9quences \u00e9conomiques d\u2019une crise sanitaire et fermer, au passage, la porte \u00e0 tout appel \u00e0 r\u00e9duction de primes ant\u00e9rieures comme c\u2019est le cas aujourd\u2019hui.<\/p>\n<p><strong>Lire aussi | <a href=\"https:\/\/www.challenge.ma\/mohamed-benchaaboun-soutenir-la-consommation-et-linvestissement-interview-149880\/\">Mohamed Bencha\u00e2boun : Soutenir la consommation et l\u2019investissement [Interview]<\/a><\/strong><\/p>\n<p>Aussi, peut-on lire en renvoi dans les nouveaux contrats adopt\u00e9s, d\u00e9sormais, par les membres de la <a href=\"https:\/\/www.fmsar.org.ma\/\">FMSAR (F\u00e9d\u00e9ration marocaine des soci\u00e9t\u00e9s d\u2019assurances et de r\u00e9assurance)<\/a> un passage o\u00f9 les parties (assur\u00e9 et assureur) reconnaissent que la couverture des risques\u00a0\u00ab\u00a0exclut toute perte, tout dommage, tout\u00a0co\u00fbt\u00a0ou\u00a0toute\u00a0d\u00e9pense\u00a0de\u00a0quelque nature que\u00a0ce soit,\u00a0directement\u00a0ou\u00a0indirectement caus\u00e9 par, ou qui r\u00e9sulterait\u00a0d\u2019une \u00e9pid\u00e9mie, pand\u00e9mie ou maladie contagieuse et infection y compris, sans\u00a0s\u2019y limiter, tout virus, bact\u00e9rie, parasite ou organisme\u2026\u00a0\u00bb<strong><em>.<\/em><\/strong>\u00a0Cela a au moins le m\u00e9rite d\u2019\u00eatre clair.\u00a0 Mais est-ce \u00e0 dire que les contrats d\u2019assurance ant\u00e9rieurs \u00e0 cette nouvelle mouture comportaient une zone d\u2019ombre\u00a0ou une br\u00e8che qui entre-ouvrirait la porte aux r\u00e9clamations d\u2019une couverture des pertes d\u2019exploitation dues aux mesures d\u00e9cr\u00e9t\u00e9es dans le cadre de l\u2019Etat d\u2019urgence sanitaire\u00a0? Pour l\u2019instant, les dirigeants et entrepreneurs, sans doute trop affair\u00e9s g\u00e9rer la r\u00e9animation du \u00ab\u00a0patient\u00a0\u00bb apr\u00e8s la baisse brutale de l\u2019enc\u00e9phalogramme notamment en s\u2019activant \u00e0 b\u00e9n\u00e9ficier des lignes bancaires mis \u00e0 leur disposition, ne semblent pas accourir pour s\u2019y engouffrer. Mais selon un expert consult\u00e9, si \u00ab\u00a0la br\u00e8che existe peut \u00eatre juridiquement, elle peut \u00eatre disqualifi\u00e9e en principe car l\u2019assurance fonctionne \u00e0 la solidarit\u00e9 entre les assur\u00e9s\u00a0dans ce sens o\u00f9 ce sont les non-sinistr\u00e9s qui paient pour ceux qui subissent un dommage\u00a0et la tarification est bas\u00e9e sur les lois probabilistes d\u2019occurrence des risques en question\u00a0\u00bb. Or, dans le cadre d\u2019un risque comme celui du Covid-19, tous les assur\u00e9s sont touch\u00e9s\u2026ou presque. Donc r\u00e9clamer aux assureurs de passer \u00e0 la caisse mettrait toute leur corporation en p\u00e9ril. Ce qui serait impossible.<\/p>\n<p><strong>Lire aussi | <a href=\"https:\/\/www.challenge.ma\/vrai-ou-fake-sur-la-covid-19-au-maroc-mardi-21-juillet-150245\/\">Vrai ou Fake sur la Covid-19 au Maroc, mardi 21 juillet<\/a><\/strong><\/p>\n<p>Qu\u2019\u00e0 cela ne tienne, mais les entreprises assur\u00e9es r\u00e9clament toujours, par ailleurs, l\u2019\u00e9galit\u00e9 de traitement en mati\u00e8re d\u2019assurance automobile o\u00f9 les compagnies d\u2019assurance ont consenti un geste commercial \u00e0 l\u2019endroit des assur\u00e9s (pour partager ne serait-ce que tr\u00e8s partiellement le sur-profit n\u00e9 de la baisse substantielle des accidents de circulation) mais en limitant cette \u00ab\u00a0solidarit\u00e9\u00a0\u00bb avec les seuls clients particuliers\u00a0! Affaire \u00e0 suivre.<\/p>\n<div class=\"vw-sticky-sidebar-wrapper vw-sticky-sidebar widget_text awac-wrapper widget_text awac widget custom_html-4 textwidget custom-html-widget\">\n<p class=\"has-background c12\"><span class=\"widget-title c11\">Tribune et D\u00e9bats<\/span><\/p>\n<p>La tribune qui vous parle d\u2019une actu, d\u2019un sujet qui fait d\u00e9bat, les traitent et les analysent. \u00c9conomistes et autres experts, patrons d\u2019entreprises, d\u00e9cideurs, acteurs de la soci\u00e9t\u00e9 civile, s\u2019y prononcent et contribuent \u00e0 sa grande richesse. Vous avez votre opinion, convergente ou diff\u00e9rente. Exprimez-la et mesurez-vous ainsi \u00e0 nos tribuns et d\u00e9batteurs.<\/p>\n<p>Envoyez vos analyses \u00e0 : <a href=\"\/cdn-cgi\/l\/email-protection#ee8d81809a8f8d9aae8d868f82828b80898bc0838f\"><span class=\"__cf_email__\" data-cfemail=\"e685898892878592a6858e878a8a83888183c88b87\">[email\u00a0protected]<\/span><\/a>, en pr\u00e9cisant votre nom, votre pr\u00e9nom et votre m\u00e9tier.<\/p>\n<\/div>\n<p>Auteur: Amine Amrani<br \/>\n<a href=\"https:\/\/www.challenge.ma\/nouveaux-contrats-dassurance-les-assureurs-se-marocains-se-mettent-a-labri-150320\/\">Cliquez ici pour lire l&rsquo;article depuis sa source.<\/a><\/p>\n","protected":false},"excerpt":{"rendered":"<p>Alors qu\u2019ils sont attendus pour faire un effort additionnel de solidarit\u00e9 envers leurs assur\u00e9s dans le contexte de la crise actuelle, les assureurs marocains semblent plut\u00f4t d\u00e9termin\u00e9s \u00e0 se mettre juridiquement \u00e0 l\u2019abri de toute r\u00e9clamation \u00e0 l\u2019avenir\u00a0! En effet, depuis quelques jours, plusieurs\u00a0 compagnies d\u2019assurance ont rajout\u00e9 aux multiples clauses d\u2019exclusion de leur responsabilit\u00e9 [&hellip;]<\/p>\n","protected":false},"author":1787,"featured_media":0,"comment_status":"closed","ping_status":"closed","sticky":false,"template":"","format":"standard","meta":{"fifu_image_url":"","fifu_image_alt":"","footnotes":""},"categories":[78,54],"tags":[],"class_list":["post-93105","post","type-post","status-publish","format-standard","hentry","category-economie","category-maroc"],"_links":{"self":[{"href":"https:\/\/linitiative.ca\/International\/wp-json\/wp\/v2\/posts\/93105","targetHints":{"allow":["GET"]}}],"collection":[{"href":"https:\/\/linitiative.ca\/International\/wp-json\/wp\/v2\/posts"}],"about":[{"href":"https:\/\/linitiative.ca\/International\/wp-json\/wp\/v2\/types\/post"}],"author":[{"embeddable":true,"href":"https:\/\/linitiative.ca\/International\/wp-json\/wp\/v2\/users\/1787"}],"replies":[{"embeddable":true,"href":"https:\/\/linitiative.ca\/International\/wp-json\/wp\/v2\/comments?post=93105"}],"version-history":[{"count":0,"href":"https:\/\/linitiative.ca\/International\/wp-json\/wp\/v2\/posts\/93105\/revisions"}],"wp:attachment":[{"href":"https:\/\/linitiative.ca\/International\/wp-json\/wp\/v2\/media?parent=93105"}],"wp:term":[{"taxonomy":"category","embeddable":true,"href":"https:\/\/linitiative.ca\/International\/wp-json\/wp\/v2\/categories?post=93105"},{"taxonomy":"post_tag","embeddable":true,"href":"https:\/\/linitiative.ca\/International\/wp-json\/wp\/v2\/tags?post=93105"}],"curies":[{"name":"wp","href":"https:\/\/api.w.org\/{rel}","templated":true}]}}