{"id":93131,"date":"2020-07-21T12:21:50","date_gmt":"2020-07-21T16:21:50","guid":{"rendered":"https:\/\/linitiative.ca\/International\/le-cameroun-leve-avec-succes-25-milliards-de-f-cfa-sur-le-marche-des-titres-de-la-beac\/"},"modified":"2020-07-21T12:21:50","modified_gmt":"2020-07-21T16:21:50","slug":"le-cameroun-leve-avec-succes-25-milliards-de-f-cfa-sur-le-marche-des-titres-de-la-beac","status":"publish","type":"post","link":"https:\/\/linitiative.ca\/International\/le-cameroun-leve-avec-succes-25-milliards-de-f-cfa-sur-le-marche-des-titres-de-la-beac\/","title":{"rendered":"Le Cameroun l\u00e8ve avec succ\u00e8s 25 milliards de F CFA sur le march\u00e9 des titres de la Beac"},"content":{"rendered":"<p>Le 15 juillet 2020, le Cameroun a une nouvelle fois r\u00e9ussi \u00e0 mobiliser une enveloppe de 25 milliards de FCFA sur le march\u00e9 des titres de la Banque des \u00c9tats de l\u2019Afrique centrale (Beac). Cette op\u00e9ration de lev\u00e9e de fonds s\u2019est faite \u00e0 travers une \u00e9mission de bons du Tr\u00e9sor assimilables (BTA) \u00e0 26 semaines, dont l\u2019\u00e9ch\u00e9ance est fix\u00e9e au 15 janvier 2020.<\/p>\n<p>Selon le communiqu\u00e9 des r\u00e9sultats des adjudications publi\u00e9 sur le site de la Beac, le taux de couverture \u00e0 cette op\u00e9ration a culmin\u00e9 \u00e0 244,24\u00a0%, les investisseurs ayant servi au Cameroun une enveloppe globale de plus de 65,5 milliards de FCFA. Le taux d\u2019int\u00e9r\u00eat moyen pond\u00e9r\u00e9 se situe quant \u00e0 lui \u00e0 2,495%. L\u2019op\u00e9ration, rappelons-le, s\u2019est d\u00e9roul\u00e9e avec 21 banques et \u00e9tablissements financiers du pays \u00e9metteur mais aussi du Gabon, du Congo-Brazzaville, de la RCA et du Tchad agr\u00e9es comme sp\u00e9cialistes en valeurs du tr\u00e9sor.<\/p>\n<p><strong>Lire aussi<\/strong> : <a href=\"https:\/\/ecomatin.net\/emission-de-titres-publics-le-cameroun-veut-mobiliser-110-milliards-de-f-cfa-au-3e-trimestre\/\">Emissions de titres publics\u00a0: le Cameroun veut mobiliser 110 milliards de F CFA au troisi\u00e8me trimestre<\/a><\/p>\n<p>Cette op\u00e9ration qui est la deuxi\u00e8me du troisi\u00e8me trimestre, porte \u00e0 45 millions de FCFA le montant d\u00e9j\u00e0 lev\u00e9, sur les 110 milliards de F pr\u00e9vus ce trimestre. En effet, le pays compte mener, aupr\u00e8s des investisseurs de la sous-r\u00e9gion pour les 03 mois \u00e0 venir une campagne \u00e0 l\u2019issus de laquelle il entend lever le montant global de 110 milliards de F CFA. Apr\u00e8s ces deux op\u00e9rations r\u00e9ussies, le calendrier pr\u00e9visionnel des\u00a0\u00e9missions\u00a0pour la p\u00e9riode de r\u00e9f\u00e9rence, pr\u00e9voit que le tr\u00e9sor public camerounais devrait retourner le 23 juillet sur le march\u00e9 mon\u00e9taire pour lever la somme de 10 milliards de F par bons du Tr\u00e9sor assimilables(BTA) \u00e0 52 semaines de maturit\u00e9.<\/p>\n<p><strong>Lire aussi<\/strong> : <a href=\"https:\/\/ecomatin.net\/marche-monetaire-les-pays-de-la-cemac-mobilisent-2623-milliards-f-cfa-au-mois-de-mars-2020\/\">March\u00e9 mon\u00e9taire\u00a0: les pays de la Cemac mobilisent 262,3 milliards de F CFA au mois de mars 2020<\/a><\/p>\n<p>Les 60 milliards restants seront sollicit\u00e9s au cours des mois d\u2019ao\u00fbt et de septembre, soit 30 milliards chaque mois. Elles se feront en deux\u00a0\u00e9missions\u00a0par mois. Tous les financements mobilis\u00e9s seront rembours\u00e9s au 1<sup>er<\/sup>\u00a0octobre 2021 date d\u2019\u00e9ch\u00e9ance de l\u2019\u00e9mission\u00a0d\u2019OTA du 30 septembre 2020.<\/p>\n<p><strong>Lire aussi<\/strong> : <a href=\"https:\/\/ecomatin.net\/le-gimac-lance-sa-plateforme-monetique-integrale\/\">Le Gimac lance sa plateforme mon\u00e9tique int\u00e9grale<\/a><\/p>\n<p>Rappelons que pour le compte du second trimestre 2020, la campagne d\u2019\u00e9mission\u00a0Cameroun sur le march\u00e9 des\u00a0titres\u00a0publics\u00a0de la Beac a \u00e9t\u00e9 des plus fructueuses. Alors qu\u2019il visait une enveloppe globale de 220 milliards de F CFA, le pays a r\u00e9ussi \u00e0 mobiliser pr\u00e8s de 219,4 milliards de F au cours de cette p\u00e9riode.<\/p>\n<div class=\"wp-block-media-text alignfull has-background has-pale-cyan-blue-background-color is-stacked-on-mobile is-image-fill c5\" readability=\"6.438679245283\"><img decoding=\"async\" data-attachment-id=\"17197\" data-permalink=\"https:\/\/ecomatin.net\/le-cameroun-leve-avec-succes-25-milliards-de-f-cfa-sur-le-marche-des-titres-de-la-beac\/unnamed1\/\" data-orig-file=\"https:\/\/ecomatin.net\/wp-content\/uploads\/2020\/07\/unnamed1.png\" data-orig-size=\"512,288\" data-comments-opened=\"0\" data-image-meta=\"{&quot;aperture&quot;:&quot;0&quot;,&quot;credit&quot;:&quot;&quot;,&quot;camera&quot;:&quot;&quot;,&quot;caption&quot;:&quot;&quot;,&quot;created_timestamp&quot;:&quot;0&quot;,&quot;copyright&quot;:&quot;&quot;,&quot;focal_length&quot;:&quot;0&quot;,&quot;iso&quot;:&quot;0&quot;,&quot;shutter_speed&quot;:&quot;0&quot;,&quot;title&quot;:&quot;&quot;,&quot;orientation&quot;:&quot;0&quot;}\" data-image-title=\"unnamed1\" data-image-description=\"\" data-medium-file=\"https:\/\/ecomatin.net\/wp-content\/uploads\/2020\/07\/unnamed1-300x169.png\" data-large-file=\"https:\/\/ecomatin.net\/wp-content\/uploads\/2020\/07\/unnamed1.png\" src=\"https:\/\/ecomatin.net\/wp-content\/uploads\/2020\/07\/unnamed1.png\" alt=\"\" class=\"wp-image-17197\" srcset=\"https:\/\/ecomatin.net\/wp-content\/uploads\/2020\/07\/unnamed1.png 512w, https:\/\/ecomatin.net\/wp-content\/uploads\/2020\/07\/unnamed1-300x169.png 300w, https:\/\/ecomatin.net\/wp-content\/uploads\/2020\/07\/unnamed1-390x220.png 390w\" sizes=\"(max-width: 512px) 100vw, 512px\"\/><\/p>\n<div class=\"wp-block-media-text__content\" readability=\"8.2783018867925\">\n<p class=\"has-text-align-center c3\"><span class=\"has-inline-color c2\"><strong>Abonnez vous a notre page Twitter et recevez instantan\u00e9ment tous les temps forts de l\u2019actualit\u00e9 \u00e9conomique et financi\u00e8re. Pour acc\u00e9der \u00e0 cette page et vous y abonnez, cliquez sur ce lien<\/strong><\/span><\/p>\n<p class=\"has-text-align-center c4\"><a href=\"https:\/\/twitter.com\/EcoMatin_CMR\"><span class=\"has-inline-color has-vivid-red-color\">EcoMatin_Officiel<\/span><\/a><\/p>\n<\/div>\n<\/div>\n<div class=\"awac-wrapper awac widget posts-list-widget-11\">\n<h4 class=\"widget-title\">Le plus r\u00e9cent<\/h4>\n<\/div>\n<p>Auteur: Eco Matin<br \/>\n<a href=\"https:\/\/ecomatin.net\/le-cameroun-leve-avec-succes-25-milliards-de-f-cfa-sur-le-marche-des-titres-de-la-beac\/\">Cliquez ici pour lire l&rsquo;article depuis sa source.<\/a><\/p>\n","protected":false},"excerpt":{"rendered":"<p>Le 15 juillet 2020, le Cameroun a une nouvelle fois r\u00e9ussi \u00e0 mobiliser une enveloppe de 25 milliards de FCFA sur le march\u00e9 des titres de la Banque des \u00c9tats de l\u2019Afrique centrale (Beac). Cette op\u00e9ration de lev\u00e9e de fonds s\u2019est faite \u00e0 travers une \u00e9mission de bons du Tr\u00e9sor assimilables (BTA) \u00e0 26 semaines, [&hellip;]<\/p>\n","protected":false},"author":1969,"featured_media":93132,"comment_status":"closed","ping_status":"closed","sticky":false,"template":"","format":"standard","meta":{"fifu_image_url":"","fifu_image_alt":"","footnotes":""},"categories":[82,78],"tags":[],"class_list":["post-93131","post","type-post","status-publish","format-standard","has-post-thumbnail","hentry","category-cameroun","category-economie"],"_links":{"self":[{"href":"https:\/\/linitiative.ca\/International\/wp-json\/wp\/v2\/posts\/93131","targetHints":{"allow":["GET"]}}],"collection":[{"href":"https:\/\/linitiative.ca\/International\/wp-json\/wp\/v2\/posts"}],"about":[{"href":"https:\/\/linitiative.ca\/International\/wp-json\/wp\/v2\/types\/post"}],"author":[{"embeddable":true,"href":"https:\/\/linitiative.ca\/International\/wp-json\/wp\/v2\/users\/1969"}],"replies":[{"embeddable":true,"href":"https:\/\/linitiative.ca\/International\/wp-json\/wp\/v2\/comments?post=93131"}],"version-history":[{"count":0,"href":"https:\/\/linitiative.ca\/International\/wp-json\/wp\/v2\/posts\/93131\/revisions"}],"wp:featuredmedia":[{"embeddable":true,"href":"https:\/\/linitiative.ca\/International\/wp-json\/"}],"wp:attachment":[{"href":"https:\/\/linitiative.ca\/International\/wp-json\/wp\/v2\/media?parent=93131"}],"wp:term":[{"taxonomy":"category","embeddable":true,"href":"https:\/\/linitiative.ca\/International\/wp-json\/wp\/v2\/categories?post=93131"},{"taxonomy":"post_tag","embeddable":true,"href":"https:\/\/linitiative.ca\/International\/wp-json\/wp\/v2\/tags?post=93131"}],"curies":[{"name":"wp","href":"https:\/\/api.w.org\/{rel}","templated":true}]}}