{"id":93138,"date":"2020-07-21T15:14:29","date_gmt":"2020-07-21T19:14:29","guid":{"rendered":"https:\/\/linitiative.ca\/International\/performance-5-responsables-du-tresor-public-recompenses\/"},"modified":"2020-07-21T15:14:29","modified_gmt":"2020-07-21T19:14:29","slug":"performance-5-responsables-du-tresor-public-recompenses","status":"publish","type":"post","link":"https:\/\/linitiative.ca\/International\/performance-5-responsables-du-tresor-public-recompenses\/","title":{"rendered":"Performance : 5 responsables du Tr\u00e9sor public r\u00e9compens\u00e9s"},"content":{"rendered":"<p>Le vendredi, 17 juillet dernier, le ministre des Finances, Louis Paul Motaze, a \u00e9lev\u00e9, \u00aben vertu des pouvoirs qui (lui) sont conf\u00e9r\u00e9s\u00a0\u00bb, cinq de ses collaborateurs de la direction de la Tr\u00e9sorerie, \u00e0 commencer par le chef de cette direction, Samuel Tela, \u00e0 la dignit\u00e9 de Chevalier de l\u2019ordre national de la valeur. Samuel Tela et ses collaborateurs ont ainsi \u00e9t\u00e9 r\u00e9compens\u00e9s pour les r\u00e9formes mises en place depuis deux ans, dans le financement du budget. Ils ont contribu\u00e9 \u00e0 la mobilisation de fonds pour le financement des projets d\u2019investissements inscrits au budget de l\u2019Etat en 2019.<\/p>\n<p><strong>Lire aussi<\/strong> : <a href=\"https:\/\/ecomatin.net\/emission-de-titres-publics-le-cameroun-veut-mobiliser-110-milliards-de-f-cfa-au-3e-trimestre\/\">Emissions de titres publics\u00a0: le Cameroun veut mobiliser 110 milliards de F CFA au troisi\u00e8me trimestre<\/a><\/p>\n<p>\u00a0Ils ont introduit des innovations dans la strat\u00e9gie d\u2019\u00e9missions des titres publics et la diversification des instruments financiers de l\u2019Etat sur le march\u00e9 mon\u00e9taire de la Beac. A cela s\u2019ajoute la mise en place d\u2019un syst\u00e8me financier permettant de ne plus avoir \u00e0 recourir \u00e0 un prestataire de services d\u2019investissements\u00a0\u00a0comme arrangeur. Nagu\u00e8re, le gouvernement avait recours au march\u00e9 financier, et cons\u00e9quemment, \u00e0 un arrangeur, auquel il fallait payer des commissions. Aujourd\u2019hui c\u2019est sur le march\u00e9 mon\u00e9taire de la BEAC qu\u2019il \u00e9met ses titres, et peut ainsi se passer d\u2019interm\u00e9diaire. En 2019, la strat\u00e9gie a fait \u00e9conomiser 4,8 milliards \u00e0 l\u2019Etat.<\/p>\n<p><strong>Lire aussi<\/strong> : <a href=\"https:\/\/ecomatin.net\/marche-monetaire-les-pays-de-la-cemac-mobilisent-2623-milliards-f-cfa-au-mois-de-mars-2020\/\">March\u00e9 mon\u00e9taire\u00a0: les pays de la Cemac mobilisent 262,3 milliards de F CFA au mois de mars 2020<\/a><\/p>\n<p>Le ministre des Finances aura alors saisi l\u2019opportunit\u00e9 de cette c\u00e9r\u00e9monie pour pr\u00e9senter les prouesses des \u00e9missions de l\u2019Etat :\u00a0<em>\u00ab\u00a0c\u2019est le lieu de saluer les performances r\u00e9alis\u00e9s dans un contexte de crise \u00e9conomique et sanitaire, o\u00f9 le doute et l\u2019incertitude animent les investisseurs. Malgr\u00e9 ce contexte difficile, le Cameroun a ex\u00e9cut\u00e9 avec satisfaction son programme d\u2019\u00e9missions pour un montant total de 220 milliards de FCFA \u00e0 des taux d\u2019int\u00e9r\u00eats largement en de\u00e7\u00e0 de la moyenne observ\u00e9e dans les autres pays de la Cemac<\/em>\u00a0\u00bb.<\/p>\n<p><strong>Lire aussi<\/strong> : <a href=\"https:\/\/ecomatin.net\/le-gimac-lance-sa-plateforme-monetique-integrale\/\">Le Gimac lance sa plateforme mon\u00e9tique int\u00e9grale<\/a><\/p>\n<div class=\"awac-wrapper awac widget posts-list-widget-11\">\n<h4 class=\"widget-title\">Le plus r\u00e9cent<\/h4>\n<\/div>\n<p>Auteur: Eco Matin<br \/>\n<a href=\"https:\/\/ecomatin.net\/performance-5-responsables-du-tresor-public-recompenses\/\">Cliquez ici pour lire l&rsquo;article depuis sa source.<\/a><\/p>\n","protected":false},"excerpt":{"rendered":"<p>Le vendredi, 17 juillet dernier, le ministre des Finances, Louis Paul Motaze, a \u00e9lev\u00e9, \u00aben vertu des pouvoirs qui (lui) sont conf\u00e9r\u00e9s\u00a0\u00bb, cinq de ses collaborateurs de la direction de la Tr\u00e9sorerie, \u00e0 commencer par le chef de cette direction, Samuel Tela, \u00e0 la dignit\u00e9 de Chevalier de l\u2019ordre national de la valeur. Samuel Tela [&hellip;]<\/p>\n","protected":false},"author":1969,"featured_media":0,"comment_status":"closed","ping_status":"closed","sticky":false,"template":"","format":"standard","meta":{"fifu_image_url":"","fifu_image_alt":"","footnotes":""},"categories":[82,78],"tags":[],"class_list":["post-93138","post","type-post","status-publish","format-standard","hentry","category-cameroun","category-economie"],"_links":{"self":[{"href":"https:\/\/linitiative.ca\/International\/wp-json\/wp\/v2\/posts\/93138","targetHints":{"allow":["GET"]}}],"collection":[{"href":"https:\/\/linitiative.ca\/International\/wp-json\/wp\/v2\/posts"}],"about":[{"href":"https:\/\/linitiative.ca\/International\/wp-json\/wp\/v2\/types\/post"}],"author":[{"embeddable":true,"href":"https:\/\/linitiative.ca\/International\/wp-json\/wp\/v2\/users\/1969"}],"replies":[{"embeddable":true,"href":"https:\/\/linitiative.ca\/International\/wp-json\/wp\/v2\/comments?post=93138"}],"version-history":[{"count":0,"href":"https:\/\/linitiative.ca\/International\/wp-json\/wp\/v2\/posts\/93138\/revisions"}],"wp:attachment":[{"href":"https:\/\/linitiative.ca\/International\/wp-json\/wp\/v2\/media?parent=93138"}],"wp:term":[{"taxonomy":"category","embeddable":true,"href":"https:\/\/linitiative.ca\/International\/wp-json\/wp\/v2\/categories?post=93138"},{"taxonomy":"post_tag","embeddable":true,"href":"https:\/\/linitiative.ca\/International\/wp-json\/wp\/v2\/tags?post=93138"}],"curies":[{"name":"wp","href":"https:\/\/api.w.org\/{rel}","templated":true}]}}