{"id":93159,"date":"2020-07-22T09:18:36","date_gmt":"2020-07-22T13:18:36","guid":{"rendered":"https:\/\/linitiative.ca\/International\/un-semestre-bien-sombre-pour-les-caisses-de-letat-les-recettes-fiscales-en-baisse-de-12\/"},"modified":"2020-07-22T09:18:36","modified_gmt":"2020-07-22T13:18:36","slug":"un-semestre-bien-sombre-pour-les-caisses-de-letat-les-recettes-fiscales-en-baisse-de-12","status":"publish","type":"post","link":"https:\/\/linitiative.ca\/International\/un-semestre-bien-sombre-pour-les-caisses-de-letat-les-recettes-fiscales-en-baisse-de-12\/","title":{"rendered":"Un semestre bien sombre pour les caisses de l\u2019Etat : Les recettes fiscales en baisse de 12%"},"content":{"rendered":"<p>Les recettes fiscales ont \u00e9t\u00e9 revues \u00e0 la baisse de 12% au cours du premier semestre 2020, par rapport \u00e0 la m\u00eame p\u00e9riode de l\u2019ann\u00e9e 2019, a soulign\u00e9 le ministre des Finances, Mohamed Nizar Ya\u00efche, mardi, au palais du gouvernement.<\/p>\n<p>Lors d\u2019une conf\u00e9rence de presse consacr\u00e9e \u00e0 la pr\u00e9sentation des principales mesures financi\u00e8res, fiscales et sociales pour la prochaine p\u00e9riode, Ya\u00efche a \u00e9voqu\u00e9 la diminution de 1% de l\u2019imp\u00f4t pour les personnes physiques au cours du premier semestre de l\u2019ann\u00e9e 2020 par rapport \u00e0 la m\u00eame p\u00e9riode de l\u2019ann\u00e9e \u00e9coul\u00e9e, alors que l\u2019imp\u00f4t inflig\u00e9 aux entreprises s\u2019est r\u00e9duit de 30%.<\/p>\n<p>Parall\u00e8lement, le taux de la valeur ajout\u00e9e (TVA) a r\u00e9gress\u00e9 de 15,6%, tandis que la taxe sur la consommation a l\u00e2ch\u00e9 3,7% au cours de la m\u00eame p\u00e9riode.<\/p>\n<p>Le d\u00e9ficit budg\u00e9taire devrait atteindre 7% du PIB \u00e0 fin 2020, alors que le taux d\u2019endettement s\u2019\u00e9l\u00e8verait \u00e0 plus de 85%.<\/p>\n<p>Selon Ya\u00efche, la prochaine p\u00e9riode requiert la conception d\u2019un nouveau mod\u00e8le de d\u00e9veloppement, puisqu\u2019avec cette situation le pays ne saura pas se sortir de cette spirale de crise.<\/p>\n<p>Il faut, donc, adopter une nouvelle m\u00e9thode pour r\u00e9aliser la croissance, retrouver les \u00e9quilibres du pays et am\u00e9liorer le climat des affaires, \u00e9troitement li\u00e9 au climat politique.<\/p>\n<p>Il a affirm\u00e9 que plusieurs institutions de notation concernant la Tunisie, prennent en consid\u00e9ration le climat politique qui a un impact sur l\u2019\u00e9conomie et la confiance des investisseurs et des citoyens, consid\u00e9rant que l\u2019am\u00e9lioration du climat est une responsabilit\u00e9 collective.<\/p>\n<div class=\"wp-post-author-wrap wp-post-author-shortcode left\">\n<h3 class=\"awpa-title\"\/>\n<div class=\"wp-post-author\">\n<div class=\"awpa-img awpa-author-block square\"><a href=\"http:\/\/lexpertjournal.net\/fr\/?author=5\"><img loading=\"lazy\" decoding=\"async\" alt=\"\" src=\"http:\/\/0.gravatar.com\/avatar\/97f8e10a1c1125ba104a76514ee07b16?s=150&amp;d=mm&amp;r=g\" srcset=\"http:\/\/0.gravatar.com\/avatar\/97f8e10a1c1125ba104a76514ee07b16?s=300&amp;d=mm&amp;r=g 2x\" class=\"avatar avatar-150 photo\" height=\"150\" width=\"150\"\/><\/a><\/div>\n<\/div>\n<\/div>\n<aside class=\"mashsb-container mashsb-main mashsb-stretched\">\n<\/aside>\n<p>Auteur: L&rsquo;expert<br \/>\n<a href=\"http:\/\/lexpertjournal.net\/fr\/?p=15836\">Cliquez ici pour lire l&rsquo;article depuis sa source.<\/a><\/p>\n","protected":false},"excerpt":{"rendered":"<p>Les recettes fiscales ont \u00e9t\u00e9 revues \u00e0 la baisse de 12% au cours du premier semestre 2020, par rapport \u00e0 la m\u00eame p\u00e9riode de l\u2019ann\u00e9e 2019, a soulign\u00e9 le ministre des Finances, Mohamed Nizar Ya\u00efche, mardi, au palais du gouvernement. Lors d\u2019une conf\u00e9rence de presse consacr\u00e9e \u00e0 la pr\u00e9sentation des principales mesures financi\u00e8res, fiscales et [&hellip;]<\/p>\n","protected":false},"author":1775,"featured_media":0,"comment_status":"closed","ping_status":"closed","sticky":false,"template":"","format":"standard","meta":{"fifu_image_url":"","fifu_image_alt":"","footnotes":""},"categories":[78,55],"tags":[],"class_list":["post-93159","post","type-post","status-publish","format-standard","hentry","category-economie","category-tunisie"],"_links":{"self":[{"href":"https:\/\/linitiative.ca\/International\/wp-json\/wp\/v2\/posts\/93159","targetHints":{"allow":["GET"]}}],"collection":[{"href":"https:\/\/linitiative.ca\/International\/wp-json\/wp\/v2\/posts"}],"about":[{"href":"https:\/\/linitiative.ca\/International\/wp-json\/wp\/v2\/types\/post"}],"author":[{"embeddable":true,"href":"https:\/\/linitiative.ca\/International\/wp-json\/wp\/v2\/users\/1775"}],"replies":[{"embeddable":true,"href":"https:\/\/linitiative.ca\/International\/wp-json\/wp\/v2\/comments?post=93159"}],"version-history":[{"count":0,"href":"https:\/\/linitiative.ca\/International\/wp-json\/wp\/v2\/posts\/93159\/revisions"}],"wp:attachment":[{"href":"https:\/\/linitiative.ca\/International\/wp-json\/wp\/v2\/media?parent=93159"}],"wp:term":[{"taxonomy":"category","embeddable":true,"href":"https:\/\/linitiative.ca\/International\/wp-json\/wp\/v2\/categories?post=93159"},{"taxonomy":"post_tag","embeddable":true,"href":"https:\/\/linitiative.ca\/International\/wp-json\/wp\/v2\/tags?post=93159"}],"curies":[{"name":"wp","href":"https:\/\/api.w.org\/{rel}","templated":true}]}}