{"id":93160,"date":"2020-07-22T09:21:41","date_gmt":"2020-07-22T13:21:41","guid":{"rendered":"https:\/\/linitiative.ca\/International\/fiscalite-abandon-du-regime-forfaitaire-avant-fin-2021\/"},"modified":"2020-07-22T09:21:41","modified_gmt":"2020-07-22T13:21:41","slug":"fiscalite-abandon-du-regime-forfaitaire-avant-fin-2021","status":"publish","type":"post","link":"https:\/\/linitiative.ca\/International\/fiscalite-abandon-du-regime-forfaitaire-avant-fin-2021\/","title":{"rendered":"Fiscalit\u00e9 : Abandon du r\u00e9gime forfaitaire avant fin 2021"},"content":{"rendered":"<p>Le ministre des Finances, Nizar Ya\u00efche a annonc\u00e9 que le r\u00e9gime forfaitaire sera d\u00e9finitivement abandonn\u00e9 avant fin 2021 et qu\u2019un nouveau r\u00e9gime fiscal sp\u00e9cifique pour les petits exploitants et qui prend en consid\u00e9ration le secteur d\u2019activit\u00e9, le lieu d\u2019investissement et les personnes \u00e0 faible revenu sera mis en place.<\/p>\n<p>Il a ajout\u00e9 lors d\u2019une conf\u00e9rence de presse organis\u00e9e, mardi, que cette d\u00e9cision est l\u2019une des mesures les plus importantes que le minist\u00e8re s\u2019engage \u00e0 instaurer, au cours des neuf mois au plus tard.<\/p>\n<p>Elle concerne 400 mille personnes et peut contribuer \u00e0 hauteur de 0,2% des recettes fiscales.<\/p>\n<p>Et de pr\u00e9ciser que cette mesure contribuera, \u00e9galement, \u00e0 lutter contre la fraude fiscale, ajoutant que si l\u2019Etat per\u00e7oit environ 40% de la valeur de la fraude fiscale, il sera en mesure de couvrir le d\u00e9ficit budg\u00e9taire.<\/p>\n<p>Yaiche a, en outre, soulign\u00e9 que son d\u00e9partement \u0153uvre \u00e0 inciter les contribuables \u00e0 l\u2019initiative, tout en acc\u00e9l\u00e9rant l\u2019enregistrement de leurs contrats et \u00e9crits soumis \u00e0 la proc\u00e9dure d\u2019enregistrement afin d\u2019\u00e9viter l\u2019augmentation de 10% du droit d\u2019enregistrement requis pour chaque ann\u00e9e de retard en tant que mesure importante pour lutter contre l\u2019\u00e9vasion fiscale.<\/p>\n<div class=\"wp-post-author-wrap wp-post-author-shortcode left\">\n<h3 class=\"awpa-title\"\/>\n<div class=\"wp-post-author\">\n<div class=\"awpa-img awpa-author-block square\"><a href=\"http:\/\/lexpertjournal.net\/fr\/?author=5\"><img loading=\"lazy\" decoding=\"async\" alt=\"\" src=\"http:\/\/0.gravatar.com\/avatar\/97f8e10a1c1125ba104a76514ee07b16?s=150&amp;d=mm&amp;r=g\" srcset=\"http:\/\/0.gravatar.com\/avatar\/97f8e10a1c1125ba104a76514ee07b16?s=300&amp;d=mm&amp;r=g 2x\" class=\"avatar avatar-150 photo\" height=\"150\" width=\"150\"\/><\/a><\/div>\n<\/div>\n<\/div>\n<aside class=\"mashsb-container mashsb-main mashsb-stretched\">\n<\/aside>\n<p>Auteur: L&rsquo;expert<br \/>\n<a href=\"http:\/\/lexpertjournal.net\/fr\/?p=15839\">Cliquez ici pour lire l&rsquo;article depuis sa source.<\/a><\/p>\n","protected":false},"excerpt":{"rendered":"<p>Le ministre des Finances, Nizar Ya\u00efche a annonc\u00e9 que le r\u00e9gime forfaitaire sera d\u00e9finitivement abandonn\u00e9 avant fin 2021 et qu\u2019un nouveau r\u00e9gime fiscal sp\u00e9cifique pour les petits exploitants et qui prend en consid\u00e9ration le secteur d\u2019activit\u00e9, le lieu d\u2019investissement et les personnes \u00e0 faible revenu sera mis en place. Il a ajout\u00e9 lors d\u2019une conf\u00e9rence [&hellip;]<\/p>\n","protected":false},"author":1775,"featured_media":0,"comment_status":"closed","ping_status":"closed","sticky":false,"template":"","format":"standard","meta":{"fifu_image_url":"","fifu_image_alt":"","footnotes":""},"categories":[78,55],"tags":[],"class_list":["post-93160","post","type-post","status-publish","format-standard","hentry","category-economie","category-tunisie"],"_links":{"self":[{"href":"https:\/\/linitiative.ca\/International\/wp-json\/wp\/v2\/posts\/93160","targetHints":{"allow":["GET"]}}],"collection":[{"href":"https:\/\/linitiative.ca\/International\/wp-json\/wp\/v2\/posts"}],"about":[{"href":"https:\/\/linitiative.ca\/International\/wp-json\/wp\/v2\/types\/post"}],"author":[{"embeddable":true,"href":"https:\/\/linitiative.ca\/International\/wp-json\/wp\/v2\/users\/1775"}],"replies":[{"embeddable":true,"href":"https:\/\/linitiative.ca\/International\/wp-json\/wp\/v2\/comments?post=93160"}],"version-history":[{"count":0,"href":"https:\/\/linitiative.ca\/International\/wp-json\/wp\/v2\/posts\/93160\/revisions"}],"wp:attachment":[{"href":"https:\/\/linitiative.ca\/International\/wp-json\/wp\/v2\/media?parent=93160"}],"wp:term":[{"taxonomy":"category","embeddable":true,"href":"https:\/\/linitiative.ca\/International\/wp-json\/wp\/v2\/categories?post=93160"},{"taxonomy":"post_tag","embeddable":true,"href":"https:\/\/linitiative.ca\/International\/wp-json\/wp\/v2\/tags?post=93160"}],"curies":[{"name":"wp","href":"https:\/\/api.w.org\/{rel}","templated":true}]}}