{"id":93220,"date":"2020-07-22T07:00:00","date_gmt":"2020-07-22T11:00:00","guid":{"rendered":"https:\/\/linitiative.ca\/International\/pourquoi-se-former-aux-metiers-des-technologies-de-linformation-lexemple-daziz-gayes-jeune-ingenieur-tunisien-video\/"},"modified":"2020-07-22T07:00:00","modified_gmt":"2020-07-22T11:00:00","slug":"pourquoi-se-former-aux-metiers-des-technologies-de-linformation-lexemple-daziz-gayes-jeune-ingenieur-tunisien-video","status":"publish","type":"post","link":"https:\/\/linitiative.ca\/International\/pourquoi-se-former-aux-metiers-des-technologies-de-linformation-lexemple-daziz-gayes-jeune-ingenieur-tunisien-video\/","title":{"rendered":"Pourquoi se former aux m\u00e9tiers des Technologies de l\u2019Information : l\u2019exemple d\u2019Aziz Gayes, jeune ing\u00e9nieur tunisien (Vid\u00e9o)"},"content":{"rendered":"<p><span class=\"c2\"><em><strong>Par Aziz Gayes, Manager chez VAGANET, entreprise de conseil en IT entre Paris, Tunis et Casablanca.<\/strong><\/em><\/span> Alors que le d\u00e9veloppement de Huawei se poursuit dans la partie nord du continent africain, et notamment dans mon pays en Tunisie, je souhaite aujourd\u2019hui partager avec les jeunes g\u00e9n\u00e9rations tunisiennes, et plus largement africaines, une exp\u00e9rience unique, riche d\u2019enseignement personnel comme professionnel.<\/p>\n<p>En 2016, la Facult\u00e9 des Sciences de Tunis o\u00f9 j\u2019\u00e9tudiais, on m\u2019informe que Huawei souhaitait me rencontrer pour me faire passer quelques entretiens, \u00e0 l\u2019issue desquels j\u2019ai \u00e9t\u00e9 s\u00e9lectionn\u00e9 pour participer \u00e0 l\u2019\u00e9dition 2016 du programme Huawei\u00ab Seeds for the Future \u00bb.<\/p>\n<p>\u00ab Seeds for the Future \u00bb est un programme initi\u00e9 par Huawei depuis 2008 et qui s\u2019inscrit dans une volont\u00e9 d&rsquo;investir dans l\u2019\u00e9ducation des jeunes et dans la formation et la pr\u00e9paration des leaders de demain, notamment en Afrique. Pour l\u2019ing\u00e9nieur que je suis, pouvoir partir le temps d\u2019un \u00e9t\u00e9 en Chine pour d\u00e9couvrir, aux c\u00f4t\u00e9s du leader mondial des Technologies de l\u2019Information et de la Communication (TIC) les technologies qui fa\u00e7onneront le monde de demain,\u00e9tait une opportunit\u00e9 inesp\u00e9r\u00e9e.<\/p>\n<p class=\"c3\"><iframe loading=\"lazy\" src=\"https:\/\/www.youtube.com\/embed\/iTR_QKOWrQo\" allow=\"accelerometer; autoplay; encrypted-media; gyroscope; picture-in-picture\" allowfullscreen=\"\" width=\"560\" height=\"315\" frameborder=\"0\">[embedded content]<\/iframe><\/p>\n<p>J\u2019ai donc eu le plaisir en 2016 de partir pour deux semaines en Chine. Tout au long de la premi\u00e8re semaine que nous avons pass\u00e9e \u00e0 P\u00e9kin, nous avons pu d\u00e9couvrir la culture chinoise, en suivant des cours de langue et de calligraphie \u00e0 la tr\u00e8s prestigieuse Peking University, et en visitant la ville et ses monuments historiques.Durant la deuxi\u00e8me semaine, nous sommes partis \u00e0 Shenzhen qui est, en Chine, l\u2019\u00e9quivalent de la SiliconValley Am\u00e9ricaine. Nous avons pu y d\u00e9couvrir et y comprendre le fonctionnement des derni\u00e8res technologies sur lesquelles Huawei travaillait telles que la 5G et les Smart Cities. Nous avons aussi \u00e9t\u00e9 accueillis dans le centre de Recherche &amp;D\u00e9veloppement de Huawei o\u00f9 nous avons suivi un programme de formation (cloud, 3G\/4G, IoT) dispens\u00e9 par des ing\u00e9nieurs et des cadres de la soci\u00e9t\u00e9.<\/p>\n<p>Si la valeur ajout\u00e9e professionnelle d\u2019un tel voyage est facilement d\u00e9tectable, tant les connaissances que j\u2019ai pu d\u00e9velopper \u00e0 l\u2019\u00e9poque me servent encore aujourd\u2019hui comme manager et comme ing\u00e9nieur, l\u2019aspect personnel a \u00e9galement jou\u00e9 un grand r\u00f4le dans le souvenir imp\u00e9rissable que m\u2019a laiss\u00e9 ce programme.<\/p>\n<p>Tout au long de ces deux semaines pass\u00e9es en Chine, j\u2019ai eu l\u2019opportunit\u00e9 de c\u00f4toyer 3 autres d\u00e9l\u00e9gations de jeunes qui venaient pour le m\u00eame programme. En plus de la d\u00e9l\u00e9gation tunisienne, il y avait donc une d\u00e9l\u00e9gation Hollandaise, Espagnole et Malawite. Regrouper des jeunes de plusieurs nationalit\u00e9s, qui partagent la m\u00eame passion et le m\u00eame engouement pour les nouvelles technologies, \u00e0 l\u2019autre bout du monde, dans une culture qui n\u2019est pas la leur &#8211; la culture chinoise -, \u00e9tait l\u2019occasion parfaite de cr\u00e9er une dynamique amicale et professionnelle p\u00e9renne. Cela a donc marqu\u00e9 la cr\u00e9ation d\u2019un groupe d\u2019amis, avec lesquelles je suis toujours en contact aujourd\u2019hui, et qui pourraient m\u00eame devenir dans un futur proche des coll\u00e8gues.Bref, un groupe de jeunes passionn\u00e9s qui toujours se rappellera de l\u2019\u00e9t\u00e9 2016 comme de la d\u00e9couverte d\u2019un autre monde.<\/p>\n<p>En tant qu\u2019Alumni de ce programme depuis maintenant 4 ans, je suis toujours en contact avec les \u00e9quipes de Huawei en Afrique, heureuses de nous impliquer dans le processus d\u2019am\u00e9lioration continue du programme. C\u2019est pour moi essentiel, car cela me permet de continuer \u00e0 \u00ab militer \u00bbpour une cause qui m\u2019est ch\u00e8re et qui est l\u2019\u00e9ducation des jeunes g\u00e9n\u00e9rations en Afrique, aux m\u00e9tiers des TIC.<\/p>\n<p>Au-del\u00e0 des situations sanitaires et \u00e9conomiques tragiques que peuvent conna\u00eetre les pays africains \u00e0 cause de la pand\u00e9mie de Covid-19, je suis heureux de voir \u00e0 quel point l\u2019Afrique a \u00e9t\u00e9 innovante ces derniers mois pour mettre en \u0153uvre des outils technologiques pour contrer et contr\u00f4ler la propagation du Covid-19 sur son territoire. J\u2019ai confiance en l\u2019avenir de l\u2019Afrique, car j\u2019ai vu \u00e0 quel point la jeunesse de notre continent pouvait \u00eatre mobilis\u00e9e et innovante quand on d\u00e9cide de lui faire confiance. Je remercie ainsi Huawei de m\u2019avoir fait confiance, de nous avoir fait confiance, et j\u2019encourage tous ceux qui me lisent aujourd\u2019hui \u00e0 suivre de pr\u00e8s les politiques \u00e9ducatives du Groupe en Afrique, pour l\u2019Afrique.\u00a0<\/p>\n<p class=\"c5\"><strong>Aziz Gayes<\/strong><br \/><span class=\"c4\"><em>26 ans, Manager chez VAGANET, entreprise de conseil en IT entre Paris, Tunis et Casablanca<\/em><\/span><\/p>\n<p>Auteur:<br \/>\n<a href=\"https:\/\/www.leaders.com.tn\/article\/30314-pourquoi-se-former-aux-metiers-des-technologies-de-l-information-et-de-la-communication-est-essentielle-pour-les-jeunes-generations-africaines-l-exemple-d-aziz-gayes-jeune-ingenieur-tunisien\">Cliquez ici pour lire l&rsquo;article depuis sa source.<\/a><\/p>\n","protected":false},"excerpt":{"rendered":"<p>Par Aziz Gayes, Manager chez VAGANET, entreprise de conseil en IT entre Paris, Tunis et Casablanca. Alors que le d\u00e9veloppement de Huawei se poursuit dans la partie nord du continent africain, et notamment dans mon pays en Tunisie, je souhaite aujourd\u2019hui partager avec les jeunes g\u00e9n\u00e9rations tunisiennes, et plus largement africaines, une exp\u00e9rience unique, riche [&hellip;]<\/p>\n","protected":false},"author":1772,"featured_media":0,"comment_status":"closed","ping_status":"closed","sticky":false,"template":"","format":"standard","meta":{"fifu_image_url":"","fifu_image_alt":"","footnotes":""},"categories":[73,55],"tags":[],"class_list":["post-93220","post","type-post","status-publish","format-standard","hentry","category-actualite","category-tunisie"],"_links":{"self":[{"href":"https:\/\/linitiative.ca\/International\/wp-json\/wp\/v2\/posts\/93220","targetHints":{"allow":["GET"]}}],"collection":[{"href":"https:\/\/linitiative.ca\/International\/wp-json\/wp\/v2\/posts"}],"about":[{"href":"https:\/\/linitiative.ca\/International\/wp-json\/wp\/v2\/types\/post"}],"author":[{"embeddable":true,"href":"https:\/\/linitiative.ca\/International\/wp-json\/wp\/v2\/users\/1772"}],"replies":[{"embeddable":true,"href":"https:\/\/linitiative.ca\/International\/wp-json\/wp\/v2\/comments?post=93220"}],"version-history":[{"count":0,"href":"https:\/\/linitiative.ca\/International\/wp-json\/wp\/v2\/posts\/93220\/revisions"}],"wp:attachment":[{"href":"https:\/\/linitiative.ca\/International\/wp-json\/wp\/v2\/media?parent=93220"}],"wp:term":[{"taxonomy":"category","embeddable":true,"href":"https:\/\/linitiative.ca\/International\/wp-json\/wp\/v2\/categories?post=93220"},{"taxonomy":"post_tag","embeddable":true,"href":"https:\/\/linitiative.ca\/International\/wp-json\/wp\/v2\/tags?post=93220"}],"curies":[{"name":"wp","href":"https:\/\/api.w.org\/{rel}","templated":true}]}}