{"id":93252,"date":"2020-07-22T11:47:06","date_gmt":"2020-07-22T15:47:06","guid":{"rendered":"https:\/\/linitiative.ca\/International\/le-barreau-camerounais-prepare-une-plainte-contre-le-blogueur-steve-fah\/"},"modified":"2020-07-22T11:47:06","modified_gmt":"2020-07-22T15:47:06","slug":"le-barreau-camerounais-prepare-une-plainte-contre-le-blogueur-steve-fah","status":"publish","type":"post","link":"https:\/\/linitiative.ca\/International\/le-barreau-camerounais-prepare-une-plainte-contre-le-blogueur-steve-fah\/","title":{"rendered":"Le barreau camerounais pr\u00e9pare une plainte contre le blogueur Steve Fah"},"content":{"rendered":"<p>La nouvelle est partie d\u2019une d\u00e9cision sign\u00e9e ce 20 juillet dernier par le b\u00e2tonnier de l\u2019ordre des avocats du Cameroun, Me Charles Tchakounte Patie. Celle-ci donne mandat \u00e0 une \u00e9quipe compos\u00e9e d\u2019une vingtaine d\u2019avocats pour assurer la d\u00e9fense du barreau contre ceux qui \u00ab\u00a0portent atteinte aux int\u00e9r\u00eats de l\u2019institution ordinale\u00a0\u00bb.<\/p>\n<p>Parmi les auteurs de cette \u00ab\u00a0atteinte\u00a0\u00bb se trouve le jeune et c\u00e9l\u00e8bre influenceur web Steve Fah. L\u2019article 1<sup>er<\/sup>\u00a0de ladite d\u00e9cision stipule \u00e0 cet effet\u00a0: \u00ab\u00a0Est, pour compter de la date de la pr\u00e9sente d\u00e9cision, donn\u00e9 mandat sp\u00e9cial aux Avocats ci-apr\u00e8s pour, au nom du barreau du Cameroun, concevoir et mettre en \u0153uvre toutes proc\u00e9dures appropri\u00e9es contre Steve FAH, Cerix et toute autre personne ayant port\u00e9 atteinte aux int\u00e9r\u00eats de l\u2019institution ordinale.\u00a0\u00bb<\/p>\n<p>Le coll\u00e8ge d\u2019avocat constitu\u00e9 dont les noms sont rendus publics est compos\u00e9 de de 02 co-pr\u00e9sidents, 23 membres et 1 rapporteur.<\/p>\n<p>Si l\u2019objet des proc\u00e9dures en pr\u00e9paration n\u2019a pas \u00e9t\u00e9 pr\u00e9cis\u00e9, l\u2019on sait tout de m\u00eame que le blogueur, dans l\u2019une de ses r\u00e9centes vid\u00e9os, publi\u00e9es sur les r\u00e9seaux sociaux, a diffus\u00e9 un contenu \u00e0 caract\u00e8re publicitaire d\u2019une structure d\u00e9nomm\u00e9e \u00ab\u00a0Cerix Sarl\u00a0\u00bb laquelle serait \u00e9galement incrimin\u00e9e et que ce dernier pr\u00e9sentait comme un service de conseil juridique en ligne.<\/p>\n<p>Sur sa page Facebook, la structure propose des services en droit immobilier, droit civil, droit bancaire, droit p\u00e9nal, droit foncier, droit des affaires, droit du travail et droit de la famille.<\/p>\n<p>Pour l\u2019instant ni l\u2019influenceur web, ni la structure en question n\u2019ont r\u00e9agi. Affaire \u00e0 suivre\u2026<\/p>\n<div class=\"awac-wrapper awac widget posts-list-widget-11\">\n<h4 class=\"widget-title\">Le plus r\u00e9cent<\/h4>\n<\/div>\n<p>Auteur: Eco Matin<br \/>\n<a href=\"https:\/\/ecomatin.net\/le-barreau-camerounais-prepare-une-plainte-contre-le-blogueur-steve-fah\/\">Cliquez ici pour lire l&rsquo;article depuis sa source.<\/a><\/p>\n","protected":false},"excerpt":{"rendered":"<p>La nouvelle est partie d\u2019une d\u00e9cision sign\u00e9e ce 20 juillet dernier par le b\u00e2tonnier de l\u2019ordre des avocats du Cameroun, Me Charles Tchakounte Patie. Celle-ci donne mandat \u00e0 une \u00e9quipe compos\u00e9e d\u2019une vingtaine d\u2019avocats pour assurer la d\u00e9fense du barreau contre ceux qui \u00ab\u00a0portent atteinte aux int\u00e9r\u00eats de l\u2019institution ordinale\u00a0\u00bb. Parmi les auteurs de cette [&hellip;]<\/p>\n","protected":false},"author":1969,"featured_media":0,"comment_status":"closed","ping_status":"closed","sticky":false,"template":"","format":"standard","meta":{"fifu_image_url":"","fifu_image_alt":"","footnotes":""},"categories":[82,78],"tags":[],"class_list":["post-93252","post","type-post","status-publish","format-standard","hentry","category-cameroun","category-economie"],"_links":{"self":[{"href":"https:\/\/linitiative.ca\/International\/wp-json\/wp\/v2\/posts\/93252","targetHints":{"allow":["GET"]}}],"collection":[{"href":"https:\/\/linitiative.ca\/International\/wp-json\/wp\/v2\/posts"}],"about":[{"href":"https:\/\/linitiative.ca\/International\/wp-json\/wp\/v2\/types\/post"}],"author":[{"embeddable":true,"href":"https:\/\/linitiative.ca\/International\/wp-json\/wp\/v2\/users\/1969"}],"replies":[{"embeddable":true,"href":"https:\/\/linitiative.ca\/International\/wp-json\/wp\/v2\/comments?post=93252"}],"version-history":[{"count":0,"href":"https:\/\/linitiative.ca\/International\/wp-json\/wp\/v2\/posts\/93252\/revisions"}],"wp:attachment":[{"href":"https:\/\/linitiative.ca\/International\/wp-json\/wp\/v2\/media?parent=93252"}],"wp:term":[{"taxonomy":"category","embeddable":true,"href":"https:\/\/linitiative.ca\/International\/wp-json\/wp\/v2\/categories?post=93252"},{"taxonomy":"post_tag","embeddable":true,"href":"https:\/\/linitiative.ca\/International\/wp-json\/wp\/v2\/tags?post=93252"}],"curies":[{"name":"wp","href":"https:\/\/api.w.org\/{rel}","templated":true}]}}