{"id":93260,"date":"2020-07-23T09:09:01","date_gmt":"2020-07-23T13:09:01","guid":{"rendered":"https:\/\/linitiative.ca\/International\/foncier-la-strategie-nationale-dans-quelques-semaines\/"},"modified":"2020-07-23T09:09:01","modified_gmt":"2020-07-23T13:09:01","slug":"foncier-la-strategie-nationale-dans-quelques-semaines","status":"publish","type":"post","link":"https:\/\/linitiative.ca\/International\/foncier-la-strategie-nationale-dans-quelques-semaines\/","title":{"rendered":"Foncier: La strat\u00e9gie nationale dans quelques semaines"},"content":{"rendered":"<p><img decoding=\"async\" class=\"post_layout_5_img\" src=\"http:\/\/aujourdhui.ma\/wp-content\/uploads\/2018\/05\/titres-fonciers-cadastre-ANCFCC.jpg\" alt=\"Foncier: La strat&#xE9;gie nationale dans quelques semaines\"\/><\/p>\n<p><span class=\"c5\"><strong>Annonc\u00e9 lors de la r\u00e9union de la commission parlementaire du contr\u00f4le des finances publiques<\/strong><\/span><br \/><span class=\"c6\"><span id=\"more-351529\"\/><\/span><\/p>\n<p>La politique fonci\u00e8re a \u00e9t\u00e9 au c\u0153ur de la r\u00e9cente r\u00e9union de la commission parlementaire du contr\u00f4le des finances publiques. Les membres ont pass\u00e9 au peigne fin les diff\u00e9rentes probl\u00e9matiques observ\u00e9es dans ce secteur et les ont expos\u00e9es devant le ministre de tutelle et au directeur de l\u2019Agence nationale de la conservation fonci\u00e8re, du cadastre et de la cartographie (ANCFCC). Toutefois, l\u2019\u00e9change a \u00e9t\u00e9 dans son ensemble constructif. L\u2019ensemble des intervenants ont mis l\u2019accent sur la transformation amorc\u00e9e par l\u2019Agence et son positionnement en tant qu\u2019acteur strat\u00e9gique.<\/p>\n<p>\u00abLes \u00e9changes ont d\u00e9montr\u00e9 que l\u2019Agence joue un r\u00f4le pivot dans le d\u00e9veloppement socio-\u00e9conomique du pays et qu\u2019il y a un processus d\u2019acc\u00e9l\u00e9ration de sa r\u00e9forme\u00bb, souligne dans ce sens Aziz Akhannouch, ministre de l\u2019agriculture, de la p\u00eache maritime, du d\u00e9veloppement rural et des eaux et for\u00eats. Le ministre a indiqu\u00e9, lors de son intervention, que l\u2019Agence entame aujourd\u2019hui une nouvelle \u00e8re marqu\u00e9e par la modernisation de ses process. \u00abIl n\u2019est pas \u00e9vident pour une grande entit\u00e9, ayant plus de 100 d\u2019existence, de transformer son mode op\u00e9ratoire et r\u00e9ussir le virage sans un management de haut niveau et des \u00e9quipes enti\u00e8rement d\u00e9vou\u00e9es et convaincues de la pertinence de ce changement pour l\u2019int\u00e9r\u00eat g\u00e9n\u00e9ral du pays\u00bb, pr\u00e9cise M. Akhannouch. Le ministre rappelle, par ailleurs, que l\u2019ANFCC est avant tout une agence de services qui \u0153uvre \u00e0 rendre ses prestations davantage accessibles au citoyen.<\/p>\n<p><span class=\"c7\"><strong>La vision int\u00e9gr\u00e9e pour bient\u00f4t<\/strong><\/span><\/p>\n<p>L\u2019Agence qui affiche aujourd\u2019hui des indicateurs au vert chapeaute un grand chantier de r\u00e9forme qui introduira de nouvelles dispositions juridiques. Citons \u00e0 cet \u00e9gard la melkisation des terres collectives ou encore l\u2019\u00e9largissement du champ de l\u2019investissement dans les terres agricoles. La r\u00e9forme fonci\u00e8re engag\u00e9e sera couronn\u00e9e par le lancement dans les prochaines semaines d\u2019une strat\u00e9gie nationale. C\u2019est d\u2019ailleurs ce qu\u2019a annonc\u00e9 Karim Tajmouati, directeur g\u00e9n\u00e9ral de l\u2019ANCFCC.<\/p>\n<p>\u00abCette strat\u00e9gie qui sera d\u00e9ploy\u00e9e sur les 10 prochaines ann\u00e9es devrait pallier l\u2019ensemble des probl\u00e9matiques relev\u00e9es\u00bb, souligne \u00e0 cet effet M. Tajmouati. Cette nouvelle feuille de route, dont l\u2019\u00e9laboration a pris pr\u00e8s d\u2019une ann\u00e9e et demie, vient en application des directives royales \u00e9mises lors des derni\u00e8res Assises du foncier. L\u2019exigence \u00e9tant d\u2019adopter une strat\u00e9gie nationale int\u00e9gr\u00e9e et de l\u2019op\u00e9rationnaliser \u00e0 travers des plans d\u2019actions pr\u00e9cis. Cette vison consacrera le r\u00f4le du foncier comme levier fondamental pour le d\u00e9veloppement durable.<\/p>\n<p><span class=\"c7\"><strong>Les circuits enti\u00e8rement digitalis\u00e9s d\u2019ici 2022<\/strong><\/span><\/p>\n<p>La digitalisation est consid\u00e9r\u00e9e comme \u00e9tant l\u2019un des pivots de la r\u00e9forme de l\u2019ANCFCC. Le process est assez particulier puisqu\u2019il s\u2019agit de num\u00e9riser des transactions juridiques. Chose qui n\u00e9cessite des outils de pointe et une s\u00e9curisation des donn\u00e9es. A cet effet, l\u2019Agence se fixe un calendrier pr\u00e9cis pour mettre en \u0153uvre ce grand projet de digitalisation, lanc\u00e9 depuis plus de trois ans. En 2022, au plus tard, l\u2019ensemble du parcours sera digitalis\u00e9. \u00abBien qu\u2019il paraisse compliqu\u00e9 \u00e0 d\u00e9ployer, le projet de la digitalisation a \u00e9t\u00e9 tr\u00e8s bien accueilli par le personnel de l\u2019Agence\u00bb, fait savoir Karim Tajmouati. L\u2019Agence a, en effet, franchi un \u00e9norme pas en termes du digital. On cite dans ce sens la num\u00e9risation des d\u00e9p\u00f4ts des topographes.<\/p>\n<p>L\u2019Agence a, par ailleurs, cr\u00e9\u00e9 un espace \u00e9lectronique d\u00e9di\u00e9 aux notaires dont 1.450 y ont acc\u00e8s aujourd\u2019hui pour d\u00e9poser leurs dossiers. D\u2019ici janvier 2021 l\u2019ensemble des d\u00e9p\u00f4ts de la profession notariale se feront par voie digitale. De m\u00eame, l\u2019Agence ambitionne d\u2019activer l\u2019archivage \u00e9lectronique \u00e0 l\u2019horizon 2022. Pour r\u00e9ussir ce pari, les services concern\u00e9s travaillent d\u2019arrache-pied pour cr\u00e9er une blockchain et un cloud national visant la protection des donn\u00e9es.<\/p>\n<p>Auteur: Kawtar Tali<br \/>\n<a href=\"https:\/\/aujourdhui.ma\/economie\/foncier-la-strategie-nationale-dans-quelques-semaines\">Cliquez ici pour lire l&rsquo;article depuis sa source.<\/a><\/p>\n","protected":false},"excerpt":{"rendered":"<p>Annonc\u00e9 lors de la r\u00e9union de la commission parlementaire du contr\u00f4le des finances publiques La politique fonci\u00e8re a \u00e9t\u00e9 au c\u0153ur de la r\u00e9cente r\u00e9union de la commission parlementaire du contr\u00f4le des finances publiques. Les membres ont pass\u00e9 au peigne fin les diff\u00e9rentes probl\u00e9matiques observ\u00e9es dans ce secteur et les ont expos\u00e9es devant le ministre [&hellip;]<\/p>\n","protected":false},"author":1759,"featured_media":93261,"comment_status":"closed","ping_status":"closed","sticky":false,"template":"","format":"standard","meta":{"fifu_image_url":"","fifu_image_alt":"","footnotes":""},"categories":[73,54],"tags":[],"class_list":["post-93260","post","type-post","status-publish","format-standard","has-post-thumbnail","hentry","category-actualite","category-maroc"],"_links":{"self":[{"href":"https:\/\/linitiative.ca\/International\/wp-json\/wp\/v2\/posts\/93260","targetHints":{"allow":["GET"]}}],"collection":[{"href":"https:\/\/linitiative.ca\/International\/wp-json\/wp\/v2\/posts"}],"about":[{"href":"https:\/\/linitiative.ca\/International\/wp-json\/wp\/v2\/types\/post"}],"author":[{"embeddable":true,"href":"https:\/\/linitiative.ca\/International\/wp-json\/wp\/v2\/users\/1759"}],"replies":[{"embeddable":true,"href":"https:\/\/linitiative.ca\/International\/wp-json\/wp\/v2\/comments?post=93260"}],"version-history":[{"count":0,"href":"https:\/\/linitiative.ca\/International\/wp-json\/wp\/v2\/posts\/93260\/revisions"}],"wp:featuredmedia":[{"embeddable":true,"href":"https:\/\/linitiative.ca\/International\/wp-json\/"}],"wp:attachment":[{"href":"https:\/\/linitiative.ca\/International\/wp-json\/wp\/v2\/media?parent=93260"}],"wp:term":[{"taxonomy":"category","embeddable":true,"href":"https:\/\/linitiative.ca\/International\/wp-json\/wp\/v2\/categories?post=93260"},{"taxonomy":"post_tag","embeddable":true,"href":"https:\/\/linitiative.ca\/International\/wp-json\/wp\/v2\/tags?post=93260"}],"curies":[{"name":"wp","href":"https:\/\/api.w.org\/{rel}","templated":true}]}}