{"id":93303,"date":"2020-07-23T07:30:00","date_gmt":"2020-07-23T11:30:00","guid":{"rendered":"https:\/\/linitiative.ca\/International\/libye-le-mdn-dement-des-allegations-fallacieuses-attribuees-au-general-de-corps-darmee\/"},"modified":"2020-07-23T07:30:00","modified_gmt":"2020-07-23T11:30:00","slug":"libye-le-mdn-dement-des-allegations-fallacieuses-attribuees-au-general-de-corps-darmee","status":"publish","type":"post","link":"https:\/\/linitiative.ca\/International\/libye-le-mdn-dement-des-allegations-fallacieuses-attribuees-au-general-de-corps-darmee\/","title":{"rendered":"Libye: Le MDN d\u00e9ment des \u00ab\u00a0all\u00e9gations fallacieuses\u00a0\u00bb attribu\u00e9es au G\u00e9n\u00e9ral de Corps d&rsquo;Arm\u00e9e"},"content":{"rendered":"<div readability=\"32\">\n<p>\u00ab\u00a0Certains comptes et pages ont propag\u00e9, via les r\u00e9seaux sociaux, des all\u00e9gations fallacieuses et infond\u00e9es, qu&rsquo;ils attribuent \u00e0 Monsieur le G\u00e9n\u00e9ral de Corps d&rsquo;Arm\u00e9e, Chef d&rsquo;Etat-major de l&rsquo;ANP, \u00e0 propos des \u00e9volutions r\u00e9centes de la situation en Libye\u00a0\u00bb, indique le MDN dans un communiqu\u00e9.<\/p>\n<p>\u00ab\u00a0Le MDN d\u00e9ment formellement ces rumeurs et affirme que ces propos mensongers, qui visent \u00e0 semer le trouble et la discorde et \u00e0 orienter l&rsquo;opinion publique vers un alignement sur des agendas douteux, ne servent pas l&rsquo;objectif louable et la position immuable que l&rsquo;Alg\u00e9rie a toujours veill\u00e9 \u00e0 honorer envers l&rsquo;Etat Libyen fr\u00e8re. Une position qui a \u00e9t\u00e9 soulign\u00e9e, \u00e0 maintes occasions, par Monsieur le Pr\u00e9sident de la R\u00e9publique, affirmant que l&rsquo;Alg\u00e9rie est de tout temps \u00e0 \u00e9quidistance des parties libyennes en conflit, et privil\u00e9gie un dialogue constructif inter-libyen qui aboutira \u00e0 une solution politique durable, \u00e0 m\u00eame de garantir la stabilit\u00e9 et la prosp\u00e9rit\u00e9 au peuple libyen fr\u00e8re\u00a0\u00bb, ajoute la m\u00eame source.Le MDN souligne \u00e9galement que \u00ab\u00a0le Pr\u00e9sident de la R\u00e9publique, Chef supr\u00eame des Forces arm\u00e9es, ministre de la D\u00e9fense nationale est l&rsquo;unique autorit\u00e9 constitutionnellement habilit\u00e9e \u00e0 statuer officiellement sur les positions de la R\u00e9publique alg\u00e9rienne d\u00e9mocratique et populaire quant aux questions internationales et r\u00e9gionales sensibles\u00a0\u00bb, conclut le communiqu\u00e9.<\/p>\n<\/div>\n<p>Auteur: elmoudjahid<br \/>\n<a href=\"http:\/\/www.elmoudjahid.com\/fr\/actualites\/156592\">Cliquez ici pour lire l&rsquo;article depuis sa source.<\/a><\/p>\n","protected":false},"excerpt":{"rendered":"<p>\u00ab\u00a0Certains comptes et pages ont propag\u00e9, via les r\u00e9seaux sociaux, des all\u00e9gations fallacieuses et infond\u00e9es, qu&rsquo;ils attribuent \u00e0 Monsieur le G\u00e9n\u00e9ral de Corps d&rsquo;Arm\u00e9e, Chef d&rsquo;Etat-major de l&rsquo;ANP, \u00e0 propos des \u00e9volutions r\u00e9centes de la situation en Libye\u00a0\u00bb, indique le MDN dans un communiqu\u00e9. \u00ab\u00a0Le MDN d\u00e9ment formellement ces rumeurs et affirme que ces propos [&hellip;]<\/p>\n","protected":false},"author":1744,"featured_media":0,"comment_status":"closed","ping_status":"closed","sticky":false,"template":"","format":"standard","meta":{"fifu_image_url":"","fifu_image_alt":"","footnotes":""},"categories":[73,53],"tags":[],"class_list":["post-93303","post","type-post","status-publish","format-standard","hentry","category-actualite","category-algerie"],"_links":{"self":[{"href":"https:\/\/linitiative.ca\/International\/wp-json\/wp\/v2\/posts\/93303","targetHints":{"allow":["GET"]}}],"collection":[{"href":"https:\/\/linitiative.ca\/International\/wp-json\/wp\/v2\/posts"}],"about":[{"href":"https:\/\/linitiative.ca\/International\/wp-json\/wp\/v2\/types\/post"}],"author":[{"embeddable":true,"href":"https:\/\/linitiative.ca\/International\/wp-json\/wp\/v2\/users\/1744"}],"replies":[{"embeddable":true,"href":"https:\/\/linitiative.ca\/International\/wp-json\/wp\/v2\/comments?post=93303"}],"version-history":[{"count":0,"href":"https:\/\/linitiative.ca\/International\/wp-json\/wp\/v2\/posts\/93303\/revisions"}],"wp:attachment":[{"href":"https:\/\/linitiative.ca\/International\/wp-json\/wp\/v2\/media?parent=93303"}],"wp:term":[{"taxonomy":"category","embeddable":true,"href":"https:\/\/linitiative.ca\/International\/wp-json\/wp\/v2\/categories?post=93303"},{"taxonomy":"post_tag","embeddable":true,"href":"https:\/\/linitiative.ca\/International\/wp-json\/wp\/v2\/tags?post=93303"}],"curies":[{"name":"wp","href":"https:\/\/api.w.org\/{rel}","templated":true}]}}