{"id":93304,"date":"2020-07-23T08:00:00","date_gmt":"2020-07-23T12:00:00","guid":{"rendered":"https:\/\/linitiative.ca\/International\/le-moudjahid-et-ancien-ministre-lamine-bechichi-nest-plus\/"},"modified":"2020-07-23T08:00:00","modified_gmt":"2020-07-23T12:00:00","slug":"le-moudjahid-et-ancien-ministre-lamine-bechichi-nest-plus","status":"publish","type":"post","link":"https:\/\/linitiative.ca\/International\/le-moudjahid-et-ancien-ministre-lamine-bechichi-nest-plus\/","title":{"rendered":"Le moudjahid et ancien ministre Lamine Bechichi n&rsquo;est plus"},"content":{"rendered":"<p><h2>\u00a0<\/h2>\n<\/p>\n<div readability=\"20\">\n<p>Natif de Sedrata, dans la wilaya de Souk-Ahras, le 19 d\u00e9cembre 1927, le d\u00e9funt \u00e9tait connu notamment \u00e0 la fois comme compositeur musical, \u00a0\u00e9crivain, homme politique et ministre de la Communication du temps de l&rsquo;ancien pr\u00e9sident de la R\u00e9publique Liamine Zeroual.L&rsquo;ind\u00e9pendance nationale acquise, il a \u00e9t\u00e9 nomm\u00e9 directeur g\u00e9n\u00e9ral de la Radio et T\u00e9l\u00e9vision alg\u00e9rienne (RTA).<\/p>\n<p>Il a \u00e9t\u00e9 par la suite, entre 1991 et 1995, directeur g\u00e9n\u00e9ral de la Radio nationale.<\/p>\n<p>APS<\/p>\n<\/div>\n<p>Auteur: elmoudjahid<br \/>\n<a href=\"http:\/\/www.elmoudjahid.com\/fr\/actualites\/156593\">Cliquez ici pour lire l&rsquo;article depuis sa source.<\/a><\/p>\n","protected":false},"excerpt":{"rendered":"<p>\u00a0 Natif de Sedrata, dans la wilaya de Souk-Ahras, le 19 d\u00e9cembre 1927, le d\u00e9funt \u00e9tait connu notamment \u00e0 la fois comme compositeur musical, \u00a0\u00e9crivain, homme politique et ministre de la Communication du temps de l&rsquo;ancien pr\u00e9sident de la R\u00e9publique Liamine Zeroual.L&rsquo;ind\u00e9pendance nationale acquise, il a \u00e9t\u00e9 nomm\u00e9 directeur g\u00e9n\u00e9ral de la Radio et T\u00e9l\u00e9vision [&hellip;]<\/p>\n","protected":false},"author":1744,"featured_media":0,"comment_status":"closed","ping_status":"closed","sticky":false,"template":"","format":"standard","meta":{"fifu_image_url":"","fifu_image_alt":"","footnotes":""},"categories":[73,53],"tags":[],"class_list":["post-93304","post","type-post","status-publish","format-standard","hentry","category-actualite","category-algerie"],"_links":{"self":[{"href":"https:\/\/linitiative.ca\/International\/wp-json\/wp\/v2\/posts\/93304","targetHints":{"allow":["GET"]}}],"collection":[{"href":"https:\/\/linitiative.ca\/International\/wp-json\/wp\/v2\/posts"}],"about":[{"href":"https:\/\/linitiative.ca\/International\/wp-json\/wp\/v2\/types\/post"}],"author":[{"embeddable":true,"href":"https:\/\/linitiative.ca\/International\/wp-json\/wp\/v2\/users\/1744"}],"replies":[{"embeddable":true,"href":"https:\/\/linitiative.ca\/International\/wp-json\/wp\/v2\/comments?post=93304"}],"version-history":[{"count":0,"href":"https:\/\/linitiative.ca\/International\/wp-json\/wp\/v2\/posts\/93304\/revisions"}],"wp:attachment":[{"href":"https:\/\/linitiative.ca\/International\/wp-json\/wp\/v2\/media?parent=93304"}],"wp:term":[{"taxonomy":"category","embeddable":true,"href":"https:\/\/linitiative.ca\/International\/wp-json\/wp\/v2\/categories?post=93304"},{"taxonomy":"post_tag","embeddable":true,"href":"https:\/\/linitiative.ca\/International\/wp-json\/wp\/v2\/tags?post=93304"}],"curies":[{"name":"wp","href":"https:\/\/api.w.org\/{rel}","templated":true}]}}