{"id":93305,"date":"2020-07-23T06:28:00","date_gmt":"2020-07-23T10:28:00","guid":{"rendered":"https:\/\/linitiative.ca\/International\/beldjoud-reitere-le-soutien-du-gouvernement-a-linstitution-de-la-police\/"},"modified":"2020-07-23T06:28:00","modified_gmt":"2020-07-23T10:28:00","slug":"beldjoud-reitere-le-soutien-du-gouvernement-a-linstitution-de-la-police","status":"publish","type":"post","link":"https:\/\/linitiative.ca\/International\/beldjoud-reitere-le-soutien-du-gouvernement-a-linstitution-de-la-police\/","title":{"rendered":"Beldjoud r\u00e9it\u00e8re le soutien du Gouvernement \u00e0 l&rsquo;Institution de la police"},"content":{"rendered":"<p>Dans une allocution \u00e0 l&rsquo;occasion du 58\u00e8me anniversaire de la cr\u00e9ation de la Police alg\u00e9rienne, le ministre a mis en avant l&rsquo;int\u00e9r\u00eat accord\u00e9 par le Gouvernement \u00e0 la s\u00e9curit\u00e9 dans son plan d&rsquo;action, puis\u00e9 du programme du Pr\u00e9sident de la R\u00e9publique, soulignant l&rsquo;importance du volet s\u00e9curitaire et ses r\u00e9percussions positives en mati\u00e8re de r\u00e9union d&rsquo;un climat d&rsquo;affaires propice \u00e0 la relance des diff\u00e9rents secteurs vitaux, garantissant \u00e0 la fois la stabilit\u00e9 et l&rsquo;essor social et consolidant la coh\u00e9sion entre les individus.\u00a0\u00bbPartant de sa position institutionnelle, la Police s&rsquo;acquitte en collaboration avec ses partenaires de missions de protection des individus et des biens, et a prouv\u00e9 sa pr\u00e9sence et son efficacit\u00e9 en mati\u00e8re de lutte contre la criminalit\u00e9 sous toutes ses formes\u00a0\u00bb, a ajout\u00e9 M. Beldjoud.<\/p>\n<p>Soulignant dans ce cadre la comp\u00e9tence et le professionnalisme des \u00e9l\u00e9ments de la S\u00fbret\u00e9 nationale, le ministre de l&rsquo;Int\u00e9rieur a rappel\u00e9 l&rsquo;int\u00e9r\u00eat accord\u00e9 par les pays fr\u00e8res et amis \u00e0 l&rsquo;exp\u00e9rience de la Police alg\u00e9rienne.<\/p>\n<p>Et de rappeler, par l\u00e0 m\u00eame, le r\u00f4le efficace de cette institution s\u00e9curitaire en mati\u00e8re de couverture de l&rsquo;ensemble des \u00e9v\u00e8nements importants qu&rsquo;a v\u00e9cu le pays, relevant le traitement professionnel des \u00e9l\u00e9ments de la S\u00fbret\u00e9 nationale des foules, supportant des conditions climatiques difficiles et des comportements provocateurs provenant de certaines parties, donnant ainsi le meilleur exemple de sagesse et de ma\u00eetrise de soi.<\/p>\n<p>\u00ab\u00a0Les \u00e9l\u00e9ments de la Police sont aussi pr\u00e9sents face aux r\u00e9percussion de cette crise sanitaire mondiale qui a impact\u00e9 le monde entier du fait de la propagation du Covid-19. En effet, ils ont fait montre d&rsquo;un sens des responsabilit\u00e9s et d&rsquo;un d\u00e9vouement \u00e9tant conscients de la n\u00e9cessaire pr\u00e9servation de la s\u00e9curit\u00e9 publique. Ils sont aussi mobilis\u00e9s aux c\u00f4t\u00e9s des personnels de la sant\u00e9 et des diff\u00e9rents acteurs concern\u00e9s pour veiller \u00e0 l&rsquo;application des mesures pr\u00e9ventives et endiguer la propagation de ce virus l\u00e9tal\u00a0\u00bb, a ajout\u00e9 le ministre.<\/p>\n<p>\u00ab\u00a0Ces positions honorables (&#8230;) nous incitent en tant que repr\u00e9sentants des pouvoirs publics \u00e0 soutenir cette institution avec tous les moyens mat\u00e9riels et humains offerts \u00e0 m\u00eame de lui permettre d&rsquo;atteindre les objectifs escompt\u00e9s afin d&rsquo;\u00e9difier une Police forte et solide ayant pour objectif le service de l&rsquo;int\u00e9r\u00eat g\u00e9n\u00e9ral conform\u00e9ment aux lois de la R\u00e9publique et aux chartes internationales des droits de l&rsquo;Homme\u00a0\u00bb, a soulign\u00e9 M. Beldjoud.<\/p>\n<p>Saisissant l&rsquo;occasion pour rendre hommage aux \u00e9l\u00e9ments de la police tomb\u00e9s au champs d&rsquo;honneur et aux retrait\u00e9s qui ont servi ce corps s\u00e9curitaire avec d\u00e9vouement et abn\u00e9gation, M. Beldjoud a appel\u00e9 les affili\u00e9s \u00e0 cette Institution \u00e0 la solidarit\u00e9 et \u00e0 la coh\u00e9sion en luttant avec rigueur aux criminels et aux ennemis de l&rsquo;Humanit\u00e9, affirmant que l&rsquo;Histoire retiendra leurs positions h\u00e9ro\u00efque.<\/p>\n<p>Pour sa part, le Directeur g\u00e9n\u00e9ral de la s\u00fbret\u00e9 nationale, Khelifa Ounissi a qualifi\u00e9 l&rsquo;Institution de la police d&rsquo;un des \u00ab\u00a0acquits importants venus consolider et renforcer les fondements de l&rsquo;Etat\u00a0\u00bb, relevant que cette institution est le fruit du recouvrement de la souverainet\u00e9 nationale par le peuple alg\u00e9rien au prix d&rsquo;un lourd tribut et de sacrifices consentis par les chouhada et moudjahidine.<\/p>\n<p>Se f\u00e9licitant des efforts soutenus par les \u00e9l\u00e9ments de la S\u00fbret\u00e9 nationale en mati\u00e8re de lutte contre la criminalit\u00e9 sous toutes ses formes, le DGSN a rappel\u00e9 que le taux de couverture s\u00e9curitaire des services de police a atteint 87% dans leurs territoire de comp\u00e9tence.<\/p>\n<p>Il a exhort\u00e9, par la m\u00eame occasion, les \u00e9l\u00e9ments de la S\u00fbret\u00e9 nationale \u00e0 consentir d&rsquo;avantage d&rsquo;efforts dans l&rsquo;accomplissement de leurs nobles mission en vue de fournir une prestation s\u00e9curitaire \u00e0 la hauteur des aspirations du citoyen.<\/p>\n<p>De m\u00eame qu&rsquo;il les a appel\u00e9s \u00e0 ne pas se laisser entrainer derri\u00e8re les d\u00e9clarations fallacieuses colport\u00e9es par des parties d\u00e9rang\u00e9es par la s\u00e9curit\u00e9 et la stabilit\u00e9 dans le pays et qui tentent vainement de fabriquer des sc\u00e9narii pour semer le doute \u00e0 partir de plateformes souvent \u00e9trang\u00e8res.<\/p>\n<p>A cette occasion, des grades ont \u00e9t\u00e9 remis \u00e0 des \u00e9l\u00e9ments de police de diff\u00e9rents corps, dont huit cadres promus au grade de contr\u00f4leur g\u00e9n\u00e9ral de police.<\/p>\n<p>Le ministre de l&rsquo;Int\u00e9rieur et de le DGSN ont aussi distingu\u00e9 lors de cette c\u00e9r\u00e9monie, le contr\u00f4leur g\u00e9n\u00e9ral de police Aissa Naili, directeur de la s\u00e9curit\u00e9 publique.<\/p>\n<p>Ont \u00e9t\u00e9 \u00e9galement distingu\u00e9s, les membres du Comit\u00e9 national de suivi de l&rsquo;\u00e9volution du Covid-19, le staff m\u00e9dical mobilis\u00e9 par la S\u00fbret\u00e9 nationale, nombre de retrait\u00e9s du secteur et trois sportifs de l&rsquo;\u00e9lite.<\/p>\n<p>APS<\/p>\n<p>Auteur: elmoudjahid<br \/>\n<a href=\"http:\/\/www.elmoudjahid.com\/fr\/actualites\/156594\">Cliquez ici pour lire l&rsquo;article depuis sa source.<\/a><\/p>\n","protected":false},"excerpt":{"rendered":"<p>Dans une allocution \u00e0 l&rsquo;occasion du 58\u00e8me anniversaire de la cr\u00e9ation de la Police alg\u00e9rienne, le ministre a mis en avant l&rsquo;int\u00e9r\u00eat accord\u00e9 par le Gouvernement \u00e0 la s\u00e9curit\u00e9 dans son plan d&rsquo;action, puis\u00e9 du programme du Pr\u00e9sident de la R\u00e9publique, soulignant l&rsquo;importance du volet s\u00e9curitaire et ses r\u00e9percussions positives en mati\u00e8re de r\u00e9union d&rsquo;un [&hellip;]<\/p>\n","protected":false},"author":1744,"featured_media":0,"comment_status":"closed","ping_status":"closed","sticky":false,"template":"","format":"standard","meta":{"fifu_image_url":"","fifu_image_alt":"","footnotes":""},"categories":[73,53],"tags":[],"class_list":["post-93305","post","type-post","status-publish","format-standard","hentry","category-actualite","category-algerie"],"_links":{"self":[{"href":"https:\/\/linitiative.ca\/International\/wp-json\/wp\/v2\/posts\/93305","targetHints":{"allow":["GET"]}}],"collection":[{"href":"https:\/\/linitiative.ca\/International\/wp-json\/wp\/v2\/posts"}],"about":[{"href":"https:\/\/linitiative.ca\/International\/wp-json\/wp\/v2\/types\/post"}],"author":[{"embeddable":true,"href":"https:\/\/linitiative.ca\/International\/wp-json\/wp\/v2\/users\/1744"}],"replies":[{"embeddable":true,"href":"https:\/\/linitiative.ca\/International\/wp-json\/wp\/v2\/comments?post=93305"}],"version-history":[{"count":0,"href":"https:\/\/linitiative.ca\/International\/wp-json\/wp\/v2\/posts\/93305\/revisions"}],"wp:attachment":[{"href":"https:\/\/linitiative.ca\/International\/wp-json\/wp\/v2\/media?parent=93305"}],"wp:term":[{"taxonomy":"category","embeddable":true,"href":"https:\/\/linitiative.ca\/International\/wp-json\/wp\/v2\/categories?post=93305"},{"taxonomy":"post_tag","embeddable":true,"href":"https:\/\/linitiative.ca\/International\/wp-json\/wp\/v2\/tags?post=93305"}],"curies":[{"name":"wp","href":"https:\/\/api.w.org\/{rel}","templated":true}]}}