{"id":93306,"date":"2020-07-23T15:15:55","date_gmt":"2020-07-23T19:15:55","guid":{"rendered":"https:\/\/linitiative.ca\/International\/pros-schalke-04-mauvaise-nouvelle-pour-bentaleb\/"},"modified":"2020-07-23T15:15:55","modified_gmt":"2020-07-23T19:15:55","slug":"pros-schalke-04-mauvaise-nouvelle-pour-bentaleb","status":"publish","type":"post","link":"https:\/\/linitiative.ca\/International\/pros-schalke-04-mauvaise-nouvelle-pour-bentaleb\/","title":{"rendered":"Pros : Schalke 04: Mauvaise nouvelle pour Bentaleb?"},"content":{"rendered":"<div readability=\"32\">\n<p>Auteur : <span>Riad O<\/span> <span class=\"time\">jeudi 23 juillet 2020 14:40<\/span><\/p>\n<\/div>\n<div id=\"post_core\" readability=\"41\">\n<p>Toni Lieto, journaliste sp\u00e9cialis\u00e9 de Schalke 04 au quotidien allemand, Kicker a expliqu\u00e9 que Nabil Bentaleb sera contraint d\u2019\u00e9voluer en \u00e9quipe r\u00e9serve s\u2019il revient au club cet \u00e9t\u00e9\u00a0:\u00a0\u00abDans le cas o\u00f9 la direction de Newcastle d\u00e9cide de ne pas lever l\u2019option d\u2019achat du joueur en question, et qu\u2019il soit contraint de revenir \u00e0 Schalke, il \u00e9voluera en \u00e9quipe r\u00e9serve.\u00bb a-t-il d\u00e9clar\u00e9. Le journaliste, Toni Lieto a aussi encens\u00e9 Bentaleb en d\u00e9clarant\u00a0:\u00a0\u00abPersonne ne peut nier les grandes qualit\u00e9s de Bentaleb. Mais il doit am\u00e9liorer son comportement s\u2019il veut relancer\u00a0; \u00e0 nouveau, sa carri\u00e8re.\u00bb<\/p>\n<p><strong>Publi\u00e9 dans :<\/strong> <span>bentaleb<\/span><\/p>\n<\/div>\n<p>Auteur:<br \/>\n<a href=\"http:\/\/www.lebuteur.com\/article\/detail?titre=schalke-04-mauvaise-nouvelle-pour-bentaleb&#038;id=96681&#038;utm_source=feedburner&#038;utm_medium=feed&#038;utm_campaign=Feed%3A+GalerieFArtciles+%28Les+derniers+articles++-+lebuteur.com%29\">Cliquez ici pour lire l&rsquo;article depuis sa source.<\/a><\/p>\n","protected":false},"excerpt":{"rendered":"<p>Auteur : Riad O jeudi 23 juillet 2020 14:40 Toni Lieto, journaliste sp\u00e9cialis\u00e9 de Schalke 04 au quotidien allemand, Kicker a expliqu\u00e9 que Nabil Bentaleb sera contraint d\u2019\u00e9voluer en \u00e9quipe r\u00e9serve s\u2019il revient au club cet \u00e9t\u00e9\u00a0:\u00a0\u00abDans le cas o\u00f9 la direction de Newcastle d\u00e9cide de ne pas lever l\u2019option d\u2019achat du joueur en question, [&hellip;]<\/p>\n","protected":false},"author":1738,"featured_media":93307,"comment_status":"closed","ping_status":"closed","sticky":false,"template":"","format":"standard","meta":{"fifu_image_url":"","fifu_image_alt":"","footnotes":""},"categories":[53,75],"tags":[],"class_list":["post-93306","post","type-post","status-publish","format-standard","has-post-thumbnail","hentry","category-algerie","category-sport"],"_links":{"self":[{"href":"https:\/\/linitiative.ca\/International\/wp-json\/wp\/v2\/posts\/93306","targetHints":{"allow":["GET"]}}],"collection":[{"href":"https:\/\/linitiative.ca\/International\/wp-json\/wp\/v2\/posts"}],"about":[{"href":"https:\/\/linitiative.ca\/International\/wp-json\/wp\/v2\/types\/post"}],"author":[{"embeddable":true,"href":"https:\/\/linitiative.ca\/International\/wp-json\/wp\/v2\/users\/1738"}],"replies":[{"embeddable":true,"href":"https:\/\/linitiative.ca\/International\/wp-json\/wp\/v2\/comments?post=93306"}],"version-history":[{"count":0,"href":"https:\/\/linitiative.ca\/International\/wp-json\/wp\/v2\/posts\/93306\/revisions"}],"wp:featuredmedia":[{"embeddable":true,"href":"https:\/\/linitiative.ca\/International\/wp-json\/"}],"wp:attachment":[{"href":"https:\/\/linitiative.ca\/International\/wp-json\/wp\/v2\/media?parent=93306"}],"wp:term":[{"taxonomy":"category","embeddable":true,"href":"https:\/\/linitiative.ca\/International\/wp-json\/wp\/v2\/categories?post=93306"},{"taxonomy":"post_tag","embeddable":true,"href":"https:\/\/linitiative.ca\/International\/wp-json\/wp\/v2\/tags?post=93306"}],"curies":[{"name":"wp","href":"https:\/\/api.w.org\/{rel}","templated":true}]}}