{"id":93310,"date":"2020-07-23T15:15:59","date_gmt":"2020-07-23T19:15:59","guid":{"rendered":"https:\/\/linitiative.ca\/International\/equipe-dalgerie-benyettou-envoie-un-message-a-belmadi\/"},"modified":"2020-07-23T15:15:59","modified_gmt":"2020-07-23T19:15:59","slug":"equipe-dalgerie-benyettou-envoie-un-message-a-belmadi","status":"publish","type":"post","link":"https:\/\/linitiative.ca\/International\/equipe-dalgerie-benyettou-envoie-un-message-a-belmadi\/","title":{"rendered":"Equipe d&rsquo;Alg\u00e9rie : Benyettou envoie un message \u00e0 Belmadi"},"content":{"rendered":"<div readability=\"32\">\n<p>Auteur : <span>Riad O<\/span> <span class=\"time\">jeudi 23 juillet 2020 15:29<\/span><\/p>\n<\/div>\n<div id=\"post_core\" readability=\"40\">\n<p>L\u2019attaquant Alg\u00e9rien d\u2019Al Wakrah, Mohamed Benyettou a \u00e9mis le souhait de b\u00e9n\u00e9ficier de sa chance en s\u00e9lection. Dans un entretien accord\u00e9 au site, Alaraby, Benyettou a d\u00e9clar\u00e9\u00a0:\u00a0\u00abJ\u2019ai laiss\u00e9 mon empreinte dans tous les clubs Alg\u00e9riens o\u00f9 j\u2019ai \u00e9volu\u00e9. J\u2019\u00e9tais l\u2019un des attaquants les plus efficaces de la formation saoudienne d\u2019Al Shabab, avant de contribuer au maintien de mon team en championnat des Emirats Arabes Unis.\u00bb a-t-il d\u00e9clar\u00e9, avant d\u2019ajouter\u00a0:\u00a0\u00abJe suis sur que Belmadi suit mes prestations. Je travaille tr\u00e8s dur au sein de mon club. J\u2019esp\u00e8re avoir ma chance lors des prochains stages de l\u2019EN.\u00bb Benyettou a conclu\u00a0:\u00a0\u00abL\u2019EN poss\u00e8de de grands attaquants. Il y\u2019a une forte concurrence entre Slimani et Bounedjah. Mais j\u2019ai confiance en mes qualit\u00e9s.\u00bb<\/p>\n<p><strong>Publi\u00e9 dans :<\/strong> <span>Benyettou<\/span><\/p>\n<\/div>\n<p>Auteur:<br \/>\n<a href=\"http:\/\/www.lebuteur.com\/article\/detail?titre=benyettou-envoie-un-message-a-belmadi&#038;id=96683&#038;utm_source=feedburner&#038;utm_medium=feed&#038;utm_campaign=Feed%3A+GalerieFArtciles+%28Les+derniers+articles++-+lebuteur.com%29\">Cliquez ici pour lire l&rsquo;article depuis sa source.<\/a><\/p>\n","protected":false},"excerpt":{"rendered":"<p>Auteur : Riad O jeudi 23 juillet 2020 15:29 L\u2019attaquant Alg\u00e9rien d\u2019Al Wakrah, Mohamed Benyettou a \u00e9mis le souhait de b\u00e9n\u00e9ficier de sa chance en s\u00e9lection. Dans un entretien accord\u00e9 au site, Alaraby, Benyettou a d\u00e9clar\u00e9\u00a0:\u00a0\u00abJ\u2019ai laiss\u00e9 mon empreinte dans tous les clubs Alg\u00e9riens o\u00f9 j\u2019ai \u00e9volu\u00e9. J\u2019\u00e9tais l\u2019un des attaquants les plus efficaces de [&hellip;]<\/p>\n","protected":false},"author":1738,"featured_media":93311,"comment_status":"closed","ping_status":"closed","sticky":false,"template":"","format":"standard","meta":{"fifu_image_url":"","fifu_image_alt":"","footnotes":""},"categories":[53,75],"tags":[],"class_list":["post-93310","post","type-post","status-publish","format-standard","has-post-thumbnail","hentry","category-algerie","category-sport"],"_links":{"self":[{"href":"https:\/\/linitiative.ca\/International\/wp-json\/wp\/v2\/posts\/93310","targetHints":{"allow":["GET"]}}],"collection":[{"href":"https:\/\/linitiative.ca\/International\/wp-json\/wp\/v2\/posts"}],"about":[{"href":"https:\/\/linitiative.ca\/International\/wp-json\/wp\/v2\/types\/post"}],"author":[{"embeddable":true,"href":"https:\/\/linitiative.ca\/International\/wp-json\/wp\/v2\/users\/1738"}],"replies":[{"embeddable":true,"href":"https:\/\/linitiative.ca\/International\/wp-json\/wp\/v2\/comments?post=93310"}],"version-history":[{"count":0,"href":"https:\/\/linitiative.ca\/International\/wp-json\/wp\/v2\/posts\/93310\/revisions"}],"wp:featuredmedia":[{"embeddable":true,"href":"https:\/\/linitiative.ca\/International\/wp-json\/"}],"wp:attachment":[{"href":"https:\/\/linitiative.ca\/International\/wp-json\/wp\/v2\/media?parent=93310"}],"wp:term":[{"taxonomy":"category","embeddable":true,"href":"https:\/\/linitiative.ca\/International\/wp-json\/wp\/v2\/categories?post=93310"},{"taxonomy":"post_tag","embeddable":true,"href":"https:\/\/linitiative.ca\/International\/wp-json\/wp\/v2\/tags?post=93310"}],"curies":[{"name":"wp","href":"https:\/\/api.w.org\/{rel}","templated":true}]}}