{"id":93314,"date":"2020-07-23T15:16:03","date_gmt":"2020-07-23T19:16:03","guid":{"rendered":"https:\/\/linitiative.ca\/International\/equipe-dalgerie-exclusif-bennacer-evoque-son-avenir-linteret-des-grands-clubs-je-ne-menflamme-pas\/"},"modified":"2020-07-23T15:16:03","modified_gmt":"2020-07-23T19:16:03","slug":"equipe-dalgerie-exclusif-bennacer-evoque-son-avenir-linteret-des-grands-clubs-je-ne-menflamme-pas","status":"publish","type":"post","link":"https:\/\/linitiative.ca\/International\/equipe-dalgerie-exclusif-bennacer-evoque-son-avenir-linteret-des-grands-clubs-je-ne-menflamme-pas\/","title":{"rendered":"Equipe d&rsquo;Alg\u00e9rie : Exclusif : Bennacer \u00e9voque son avenir : \u00abL\u2019int\u00e9r\u00eat des grands clubs ? Je ne m\u2019enflamme pas&#8230;\u00bb"},"content":{"rendered":"<p><strong>\u00abMarquer des buts et \u00eatre d\u00e9cisif, c\u2019est un le prochain palier \u00e0 passer dans ma carri\u00e8re\u00bb<\/strong><\/p>\n<p><strong>\u00abJe progresse tous les jours avec Pioli, tactiquement, c\u2019est costaud\u00bb<\/strong><\/p>\n<p>La star alg\u00e9rienne du Milan AC Ismael Bennacer se livre en exclusivit\u00e9 au Buteur pour \u00e9voquer sa saison exceptionnelle r\u00e9alis\u00e9e avec son club. L\u2019ex-joueur d\u2019Arsenal FC et d\u2019Empoli revient pour la premi\u00e8re fois sur sa r\u00e9action concernant l\u2019int\u00e9r\u00eat des grands clubs europ\u00e9ens \u00e0 l\u2019image du PSG, Real et Manchester City. Bennacer nous parle de son premier but en Serie A et \u00e9voque avec beaucoup d\u2019\u00e9motion le sacre gagn\u00e9 avec la s\u00e9lection, il y a un an en Egypte. Entretien.<\/p>\n<p><strong>Un an apr\u00e8s ce sacre gagn\u00e9 en Egypte, on imagine que les souvenirs sont toujours vivants dans votre t\u00eate\u2026<\/strong><\/p>\n<p>Bien s\u00fbr, un an presque jour pour jour apr\u00e8s cette CAN gagn\u00e9e, je pense que c\u2019est un souvenir vivant car, \u00e0 vrai dire, un moment comme \u00e7a, on y pense pendant toute l\u2019ann\u00e9e. C\u2019est pass\u00e9 tellement vite, Soubhane Allah. Apr\u00e8s en regardant les vid\u00e9os des matchs jou\u00e9s en Egypte ou celles de notre retour en Alg\u00e9rie, les commentaires des supporteurs sur les r\u00e9seaux sociaux, c\u2019est franchement formidable.<\/p>\n<p><strong>\u00a0Quels sont les instants les plus marquants pour vous durant cette CAN\u00a0?<\/strong><\/p>\n<p>Dans un \u00e9v\u00e9nement comme \u00e7a, on a garde tout mais je dirai l\u2019explosion de joie apr\u00e8s chaque victoire gagn\u00e9e en Egypte. Que ce soit au Caire ou au stade du 5-Juillet lorsque je revois les images de notre sacre sur mon t\u00e9l\u00e9phone, \u00e7a me fait vraiment des frissons. Revoir les vid\u00e9os avec les cris des commentateurs et du publie alg\u00e9rien, ce n\u2019est que du bonheur, c\u2019est vraiment inoubliable\u00a0et voil\u00e0 on est champions d\u2019Afrique et on esp\u00e8re, Inch\u2019Allah, y rester le plus longtemps possible.<\/p>\n<p><strong>Avant cette CAN, vous \u00e9tiez rempla\u00e7ant et tout d\u2019un coup vous \u00eates titulaire, meilleur joueur du tournoi, et l\u2019un des artisans de ce sacre final, vous pensez \u00e0 tout cela\u00a0?<\/strong><\/p>\n<p>Ah oui bien s\u00fbr. Apr\u00e8s, je n\u2019ai jamais baiss\u00e9 les bras, le travail et la patience finissent par payer. Maintenant le plus dur, c\u2019est de confirmer et rester constant dans une s\u00e9lection championne d\u2019Afrique. Cela fait maintenant trois ans que je suis avec la s\u00e9lection de mani\u00e8re r\u00e9guli\u00e8re on va dire, et j\u2019attendais avec impatience mon tour et ma chance, on va dire et voil\u00e0, Belmadi m\u2019a donn\u00e9 cette chance et, Hamdoulillah, je l\u2019ai bien saisie. Apr\u00e8s, ce qui s\u2019est pass\u00e9, c\u2019est le r\u00e9sultat de beaucoup de travail mais je le redis encore une fois, le meilleur est \u00e0 venir.<\/p>\n<p><strong>Justement, c\u2019\u00e9tait toujours votre r\u00e9ponse, \u00e0 chacune de vos performances, vous r\u00e9pondiez\u00a0:\u00a0\u00ab\u00a0Vous n\u2019avez encore rien vu\u00a0\u00bb, d\u2019o\u00f9 provient cette motivation\u00a0?<\/strong><\/p>\n<p>Oui, dans le foot, on se remet toujours en question et, Hamdoulillah, j\u2019ai encore une \u00e9norme marge de progression, je suis convaincu que je peux faire encore mieux \u00e0 l\u2019avenir, Inch\u2019Allah. Je sais que je dois encore prouver sur le terrain pour progresser davantage. J\u2019apprendrai tous les jours jusqu\u2019\u00e0 la fin de ma carri\u00e8re.<\/p>\n<p><strong>Du coup, vous \u00eates sur votre lanc\u00e9e, votre popularit\u00e9 \u00e9gale celle de votre ami Mahrez chez les fans des Verts, comment vous recevez tout cela\u00a0?<\/strong><\/p>\n<p>C\u2019est une fiert\u00e9\u00a0! Cela me responsabilise et me pousse \u00e0 donner encore plus pour rendre fiers les gens qui me soutiennent. Ma r\u00e9ussite est en grande partie gr\u00e2ce \u00e0 eux, c\u2019est ma force. Je me donne toujours \u00e0 fond pour ne pas les d\u00e9cevoir.<\/p>\n<p><strong>Cela vous fait quoi de constater l\u2019engouement du public alg\u00e9rien lorsque vous voyez le nombre de r\u00e9actions sur vos diff\u00e9rents comptes sur les r\u00e9seaux sociaux\u00a0?<\/strong><\/p>\n<p>Franchement, c\u2019est \u00e9norme\u00a0! A chaque fois que je poste une publication sur mes comptes, je constate avec \u00e9norm\u00e9ment de plaisir et de fiert\u00e9 que c\u2019est mon peuple qui est le plus repr\u00e9sentatif dans les commentaires. Je suis plus qu\u2019heureux, c\u2019est pour eux que je dois continuer \u00e0 rester performant. D\u2019ailleurs, j\u2019ai h\u00e2te de retrouver la s\u00e9lection pour les revoir, le prochain rassemblement, c\u2019est pour quand\u00a0?<\/p>\n<p><strong>Normalement, c\u2019est pour le mois de novembre mais \u00e7a peut \u00eatre prolong\u00e9 jusqu\u2019au mois de mars\u2026<\/strong><\/p>\n<p>Tr\u00e8s bien, franchement, nous avons h\u00e2te de se retrouver en famille. Cela fait longtemps qu\u2019on ne s\u2019est pas revus m\u00eame si on est toujours en contact par t\u00e9l\u00e9phone. On vient aux nouvelles et on \u00e9change les encouragements.<\/p>\n<p><strong>Justement, on parle beaucoup de cet amalgame r\u00e9ussi par Belmadi entre les locaux et les \u00e9migr\u00e9s entre guillemets, on a remarqu\u00e9 cela sur les live sur Instagram\u2026<\/strong><\/p>\n<p>Oui, on forme un seul groupe, on vit tr\u00e8s bien ensemble, il faut arr\u00eater de parler de ces choses-l\u00e0, car cela n\u2019arrange pas notre Equipe nationale. Soyez en s\u00fbr, locaux et \u00e9migr\u00e9s, on forme une seule famille.<\/p>\n<p><strong>Apr\u00e8s votre premier but \u00e0 Milan cette ann\u00e9e, on imagine votre joie et vous avez certainement regard\u00e9 combien de fois elle \u00e9tait revue la vid\u00e9o de votre but.<\/strong><\/p>\n<p>C\u2019est un palier \u00e0 passer, c\u2019est encore \u00eatre plus d\u00e9cisif pour aider l\u2019\u00e9quipe en marquant des buts. Je fais bien le travail d\u00e9fensif en r\u00e9cup\u00e9rant des ballons et en amor\u00e7ant les contres mais je dois aussi progresser dans ce registre-l\u00e0, c\u2019est-\u00e0-dire \u00eatre souvent pr\u00e9sent devant, c\u2019est le prochain cap qu\u2019il va falloir passer dans ma carri\u00e8re. Apr\u00e8s pour revenir au but contre Bologne, je l\u2019ai attendu tr\u00e8s longtemps, \u00e7a me fait \u00e9norm\u00e9ment plaisir et je suis tr\u00e8s content.<\/p>\n<p><strong>Et si on revenait \u00e0 ce but, vous prenez l\u2019espace et vous arrivez \u00e0 transpercer la d\u00e9fense de Bologne pour ajuster le gardien, c\u2019est des choses que vous maitrisez, on vous a vu contre le Nigeria en demi-finale\u2026<\/strong><\/p>\n<p>Effectivement, je sais que je peux bien le faire mais vous le savez, les consignes du coach sont importantes. J\u2019avoue que je suis tr\u00e8s \u00e0 l\u2019aise dans le sch\u00e9ma de jeu de Pioli.\u00a0 Je dois accompagner mes actions et comme j\u2019ai dit, cela fait partie de ma progression. Je dois prendre ma chance, tenter des coups et penser un petit peu plus \u00e0 moi mais cela ne doit pas se faire au d\u00e9triment du collectif.<\/p>\n<p><strong>Malgr\u00e9 tout ce qui se dit au tour de vous, on vous annonce un peu partout, mais vous arrivez \u00e0 rester imperturbable, en \u00e9tant le meilleur Milanais depuis la reprise du championnat, comment vous faites\u00a0?<\/strong><\/p>\n<p>Vous savez, porter ce maillot aux sept \u00e9toiles est une grosse fiert\u00e9. \u00c7a vous donne une fiert\u00e9 \u00e9norme de voir le num\u00e9ro 7 sur une \u00e9paule qui repr\u00e9sente le nombre des Ligues de champion. C\u2019est tr\u00e8s lourd comme responsabilit\u00e9 donc on est tenus de ne pas faillir \u00e0 ses engagements. C\u2019est pour vous dire que j\u2019\u00e9volue dans un prestigieux club mondial. Pour moi \u00e9voluer dans ce club est une \u00e9norme fiert\u00e9. Pour cette saison, je dirai qu\u2019on est bien revenus, on est en train d\u2019atteindre notre objectif et je suis tr\u00e8s heureux d\u2019avoir contribu\u00e9 \u00e0 ces performances du Milan cette ann\u00e9e.<\/p>\n<p><strong>Certains annoncent que vous avez un faible pour Paris, d\u2019autres parlent au nom de vos proches pour dire que vous avez choisi votre future destination, qu\u2019en est-il de tout cela\u00a0?<\/strong><\/p>\n<p>\u00a0Je ne sais pas m\u00eame ce qui se dit parce que je ne me m\u2019int\u00e9resse pas trop. Mon seul objectif est de finir la saison en force avec Milan. Du coup, je travaille sereinement, il reste encore quelques matchs \u00e0 finir et il va falloir se concentrer sur la fin de saison, en suite on verra ce qui va se passer.<\/p>\n<p><strong>La prolongation de Pioli fera du bien surtout que le Milan jouera l\u2019Europe la saison prochaine\u2026<\/strong><\/p>\n<p>C\u2019est un tr\u00e8s bon entraineur qui me fait progresser. On est sur une s\u00e9rie de matchs sans d\u00e9faite et cela augmente encore notre capital confiance. On a un tr\u00e8s bon coach avec qui j\u2019\u00e9volue beaucoup tactiquement.<\/p>\n<p><strong>Un dernier mot peut-\u00eatre pour vous adresser au peuple alg\u00e9rien\u00a0?<\/strong><\/p>\n<p>J\u2019ai envie de leur dire encore une fois, vous \u00eates ma force. Je veux aussi dire que si on \u00a0est champion d\u2019Afrique, c\u2019est gr\u00e2ce aux supporteurs alg\u00e9riens, c\u2019est eux qui nous ont donn\u00e9 la force. Voil\u00e0 tout ce qu\u2019on fait est pour eux. Je veux aussi dire \u00e0 mes compatriotes de continuer\u00a0 \u00e0 respecter les consignes sanitaires et rester toujours solidaires. Franchement, l\u2019\u00e9lan de solidarit\u00e9 qu\u2019on a pu voir \u00e0 travers le monde entier d\u00e9montre la g\u00e9n\u00e9rosit\u00e9 de notre peuple. On doit tous contribuer et donner le maximum pour leur procurer de l\u2019aide et de la joie sur le plan sportif, nous en tant que joueurs de l\u2019Equipe nationale.<\/p>\n<p><strong>Entretien r\u00e9alis\u00e9 par Moumen Ait Kaci Ali\u00a0<\/strong><\/p>\n<p><strong>Publi\u00e9 dans :<\/strong> <span>Milan AC<\/span> <span>Pioli<\/span> <span>Ismael Bennacer<\/span><\/p>\n<p>Auteur:<br \/>\n<a href=\"http:\/\/www.lebuteur.com\/article\/detail?titre=exclusif-bennacer-evoque-son-avenir-linteret-des-grands-clubs-je-ne-menflamme-pas&#038;id=96685&#038;utm_source=feedburner&#038;utm_medium=feed&#038;utm_campaign=Feed%3A+GalerieFArtciles+%28Les+derniers+articles++-+lebuteur.com%29\">Cliquez ici pour lire l&rsquo;article depuis sa source.<\/a><\/p>\n","protected":false},"excerpt":{"rendered":"<p>\u00abMarquer des buts et \u00eatre d\u00e9cisif, c\u2019est un le prochain palier \u00e0 passer dans ma carri\u00e8re\u00bb \u00abJe progresse tous les jours avec Pioli, tactiquement, c\u2019est costaud\u00bb La star alg\u00e9rienne du Milan AC Ismael Bennacer se livre en exclusivit\u00e9 au Buteur pour \u00e9voquer sa saison exceptionnelle r\u00e9alis\u00e9e avec son club. L\u2019ex-joueur d\u2019Arsenal FC et d\u2019Empoli revient [&hellip;]<\/p>\n","protected":false},"author":1738,"featured_media":93315,"comment_status":"closed","ping_status":"closed","sticky":false,"template":"","format":"standard","meta":{"fifu_image_url":"","fifu_image_alt":"","footnotes":""},"categories":[53,75],"tags":[],"class_list":["post-93314","post","type-post","status-publish","format-standard","has-post-thumbnail","hentry","category-algerie","category-sport"],"_links":{"self":[{"href":"https:\/\/linitiative.ca\/International\/wp-json\/wp\/v2\/posts\/93314","targetHints":{"allow":["GET"]}}],"collection":[{"href":"https:\/\/linitiative.ca\/International\/wp-json\/wp\/v2\/posts"}],"about":[{"href":"https:\/\/linitiative.ca\/International\/wp-json\/wp\/v2\/types\/post"}],"author":[{"embeddable":true,"href":"https:\/\/linitiative.ca\/International\/wp-json\/wp\/v2\/users\/1738"}],"replies":[{"embeddable":true,"href":"https:\/\/linitiative.ca\/International\/wp-json\/wp\/v2\/comments?post=93314"}],"version-history":[{"count":0,"href":"https:\/\/linitiative.ca\/International\/wp-json\/wp\/v2\/posts\/93314\/revisions"}],"wp:featuredmedia":[{"embeddable":true,"href":"https:\/\/linitiative.ca\/International\/wp-json\/"}],"wp:attachment":[{"href":"https:\/\/linitiative.ca\/International\/wp-json\/wp\/v2\/media?parent=93314"}],"wp:term":[{"taxonomy":"category","embeddable":true,"href":"https:\/\/linitiative.ca\/International\/wp-json\/wp\/v2\/categories?post=93314"},{"taxonomy":"post_tag","embeddable":true,"href":"https:\/\/linitiative.ca\/International\/wp-json\/wp\/v2\/tags?post=93314"}],"curies":[{"name":"wp","href":"https:\/\/api.w.org\/{rel}","templated":true}]}}