{"id":93336,"date":"2020-07-23T06:00:00","date_gmt":"2020-07-23T10:00:00","guid":{"rendered":"https:\/\/linitiative.ca\/International\/un-algerien-ca-merite-de-vivre\/"},"modified":"2020-07-23T06:00:00","modified_gmt":"2020-07-23T10:00:00","slug":"un-algerien-ca-merite-de-vivre","status":"publish","type":"post","link":"https:\/\/linitiative.ca\/International\/un-algerien-ca-merite-de-vivre\/","title":{"rendered":"Un Alg\u00e9rien, \u00e7a m\u00e9rite de vivre"},"content":{"rendered":"<p class=\"c4\">M. Amar Belani est d&rsquo;habitude tranchant, vif, clair et convaincant sur l&rsquo;affaire du Sahara Occidental. Mais l\u00e0, sur cette affaire scabreuse de citoyen alg\u00e9rien mort apr\u00e8s une arrestation muscl\u00e9e \u00e0 la gare de Bruxelles, je trouve qu&rsquo;il est, comment dire ?, mou, pas clair et un peu trop, beaucoup, exag\u00e9r\u00e9ment&#8230; diplomatique !<br \/>\u00abIl est difficile de se prononcer&#8230;\u00bb, \u00abcertains \u00e9l\u00e9ments doivent \u00eatre clarifi\u00e9s&#8230;\u00bb, etc. Non, monsieur, il faut gueuler et crier au scandale ! Parce qu\u2019ils l&rsquo;auraient fait, eux, si un Europ\u00e9en venait \u00e0 mourir dans les m\u00eames conditions \u00e0 la station Tafourah.<br \/>Un Alg\u00e9rien, \u00e7a m\u00e9rite aussi de Vivre&#8230;<br \/><em><strong>M. F.<\/strong><\/em><\/p>\n<p>Auteur:<br \/>\n<a href=\"https:\/\/www.lesoirdalgerie.com\/billet-pas-doux\/un-algerien-ca-merite-de-vivre-45568\">Cliquez ici pour lire l&rsquo;article depuis sa source.<\/a><\/p>\n","protected":false},"excerpt":{"rendered":"<p>M. Amar Belani est d&rsquo;habitude tranchant, vif, clair et convaincant sur l&rsquo;affaire du Sahara Occidental. Mais l\u00e0, sur cette affaire scabreuse de citoyen alg\u00e9rien mort apr\u00e8s une arrestation muscl\u00e9e \u00e0 la gare de Bruxelles, je trouve qu&rsquo;il est, comment dire ?, mou, pas clair et un peu trop, beaucoup, exag\u00e9r\u00e9ment&#8230; diplomatique !\u00abIl est difficile de [&hellip;]<\/p>\n","protected":false},"author":1741,"featured_media":0,"comment_status":"closed","ping_status":"closed","sticky":false,"template":"","format":"standard","meta":{"fifu_image_url":"","fifu_image_alt":"","footnotes":""},"categories":[73,53],"tags":[],"class_list":["post-93336","post","type-post","status-publish","format-standard","hentry","category-actualite","category-algerie"],"_links":{"self":[{"href":"https:\/\/linitiative.ca\/International\/wp-json\/wp\/v2\/posts\/93336","targetHints":{"allow":["GET"]}}],"collection":[{"href":"https:\/\/linitiative.ca\/International\/wp-json\/wp\/v2\/posts"}],"about":[{"href":"https:\/\/linitiative.ca\/International\/wp-json\/wp\/v2\/types\/post"}],"author":[{"embeddable":true,"href":"https:\/\/linitiative.ca\/International\/wp-json\/wp\/v2\/users\/1741"}],"replies":[{"embeddable":true,"href":"https:\/\/linitiative.ca\/International\/wp-json\/wp\/v2\/comments?post=93336"}],"version-history":[{"count":0,"href":"https:\/\/linitiative.ca\/International\/wp-json\/wp\/v2\/posts\/93336\/revisions"}],"wp:attachment":[{"href":"https:\/\/linitiative.ca\/International\/wp-json\/wp\/v2\/media?parent=93336"}],"wp:term":[{"taxonomy":"category","embeddable":true,"href":"https:\/\/linitiative.ca\/International\/wp-json\/wp\/v2\/categories?post=93336"},{"taxonomy":"post_tag","embeddable":true,"href":"https:\/\/linitiative.ca\/International\/wp-json\/wp\/v2\/tags?post=93336"}],"curies":[{"name":"wp","href":"https:\/\/api.w.org\/{rel}","templated":true}]}}