{"id":93341,"date":"2020-07-23T16:57:35","date_gmt":"2020-07-23T20:57:35","guid":{"rendered":"https:\/\/linitiative.ca\/International\/fonds-covid-19-les-ministres-y-reverseront-1-5eme-de-leur-salaire\/"},"modified":"2020-07-23T16:57:35","modified_gmt":"2020-07-23T20:57:35","slug":"fonds-covid-19-les-ministres-y-reverseront-1-5eme-de-leur-salaire","status":"publish","type":"post","link":"https:\/\/linitiative.ca\/International\/fonds-covid-19-les-ministres-y-reverseront-1-5eme-de-leur-salaire\/","title":{"rendered":"Fonds Covid-19\u00a0: les ministres y reverseront 1\/5\u00e8me de leur salaire"},"content":{"rendered":"<p>Et ce, \u00e0 partir du mois d\u2019Ao\u00fbt jusqu\u2019\u00e0 la fin de l\u2019ann\u00e9e. C\u2019est la d\u00e9cision qui a \u00e9t\u00e9 prise ce jeudi lors du Conseil de gouvernement tenu \u00e0 Rabat. Il faut faire remarquer que ce geste fait suite au premier don des ministres, don \u00e9quivalent \u00e0 un mois de salaire, au d\u00e9but de la crise du coronavirus. \u00ab\u00a0Cette d\u00e9cision consacre l\u2019esprit de solidarit\u00e9 dont a fait preuve toute la soci\u00e9t\u00e9 marocaine sous la conduite du Roi Mohammed VI\u00a0\u00bb, a d\u00e9clar\u00e9 Driss Ouaouicha, ministre d\u00e9l\u00e9gu\u00e9 charg\u00e9 de l\u2019enseignement sup\u00e9rieur et de la recherche scientifique, lors du point de presse sanctionnant le Conseil. Face \u00e0 la persistance et \u00e0 la recrudescence des cas de contamination, le pays aura besoin davantage de moyens pour g\u00e9rer la crise. De nombreuses entreprises ayant mis la main \u00e0 la poche pour participer au fonds Covid-19, la participation des ministres envoie un signal de solidarit\u00e9 vis-\u00e0-vis des marocains.<\/p>\n<div class=\"c10\"\/>\n<p><strong>Lire aussi | <a href=\"https:\/\/www.challenge.ma\/contaminations-au-covid-19-tanger-senfonce-de-plus-en-plus-dans-la-crise-150727\/\" target=\"_blank\" rel=\"noreferrer noopener\" aria-label=\"Contaminations au Covid-19&#xA0;: Tanger s&#x2019;enfonce de plus en plus dans la crise (opens in a new tab)\">Contaminations au Covid-19\u00a0: Tanger s\u2019enfonce de plus en plus dans la crise<\/a><\/strong><\/p>\n<div class=\"vw-sticky-sidebar-wrapper vw-sticky-sidebar widget_text awac-wrapper widget_text awac widget custom_html-4 textwidget custom-html-widget\">\n<p class=\"has-background c12\"><span class=\"widget-title c11\">Tribune et D\u00e9bats<\/span><\/p>\n<p>La tribune qui vous parle d\u2019une actu, d\u2019un sujet qui fait d\u00e9bat, les traitent et les analysent. \u00c9conomistes et autres experts, patrons d\u2019entreprises, d\u00e9cideurs, acteurs de la soci\u00e9t\u00e9 civile, s\u2019y prononcent et contribuent \u00e0 sa grande richesse. Vous avez votre opinion, convergente ou diff\u00e9rente. Exprimez-la et mesurez-vous ainsi \u00e0 nos tribuns et d\u00e9batteurs.<\/p>\n<p>Envoyez vos analyses \u00e0 : <a href=\"\/cdn-cgi\/l\/email-protection#4a2925243e2b293e0a29222b26262f242d2f64272b\"><span class=\"__cf_email__\" data-cfemail=\"64070b0a1005071024070c050808010a03014a0905\">[email\u00a0protected]<\/span><\/a>, en pr\u00e9cisant votre nom, votre pr\u00e9nom et votre m\u00e9tier.<\/p>\n<\/div>\n<p>Auteur: Kwaku Senam<br \/>\n<a href=\"https:\/\/www.challenge.ma\/fonds-covid-19-les-ministres-y-reverseront-1-5eme-de-leur-salaire-150737\/\">Cliquez ici pour lire l&rsquo;article depuis sa source.<\/a><\/p>\n","protected":false},"excerpt":{"rendered":"<p>Et ce, \u00e0 partir du mois d\u2019Ao\u00fbt jusqu\u2019\u00e0 la fin de l\u2019ann\u00e9e. C\u2019est la d\u00e9cision qui a \u00e9t\u00e9 prise ce jeudi lors du Conseil de gouvernement tenu \u00e0 Rabat. Il faut faire remarquer que ce geste fait suite au premier don des ministres, don \u00e9quivalent \u00e0 un mois de salaire, au d\u00e9but de la crise [&hellip;]<\/p>\n","protected":false},"author":1787,"featured_media":0,"comment_status":"closed","ping_status":"closed","sticky":false,"template":"","format":"standard","meta":{"fifu_image_url":"","fifu_image_alt":"","footnotes":""},"categories":[78,54],"tags":[],"class_list":["post-93341","post","type-post","status-publish","format-standard","hentry","category-economie","category-maroc"],"_links":{"self":[{"href":"https:\/\/linitiative.ca\/International\/wp-json\/wp\/v2\/posts\/93341","targetHints":{"allow":["GET"]}}],"collection":[{"href":"https:\/\/linitiative.ca\/International\/wp-json\/wp\/v2\/posts"}],"about":[{"href":"https:\/\/linitiative.ca\/International\/wp-json\/wp\/v2\/types\/post"}],"author":[{"embeddable":true,"href":"https:\/\/linitiative.ca\/International\/wp-json\/wp\/v2\/users\/1787"}],"replies":[{"embeddable":true,"href":"https:\/\/linitiative.ca\/International\/wp-json\/wp\/v2\/comments?post=93341"}],"version-history":[{"count":0,"href":"https:\/\/linitiative.ca\/International\/wp-json\/wp\/v2\/posts\/93341\/revisions"}],"wp:attachment":[{"href":"https:\/\/linitiative.ca\/International\/wp-json\/wp\/v2\/media?parent=93341"}],"wp:term":[{"taxonomy":"category","embeddable":true,"href":"https:\/\/linitiative.ca\/International\/wp-json\/wp\/v2\/categories?post=93341"},{"taxonomy":"post_tag","embeddable":true,"href":"https:\/\/linitiative.ca\/International\/wp-json\/wp\/v2\/tags?post=93341"}],"curies":[{"name":"wp","href":"https:\/\/api.w.org\/{rel}","templated":true}]}}