{"id":93355,"date":"2020-07-23T16:18:52","date_gmt":"2020-07-23T20:18:52","guid":{"rendered":"https:\/\/linitiative.ca\/International\/nadieska-navarro-ambassadeur-de-cuba-au-burkina-faso-le-m-26-a-ete-la-source-de-la-victoire-contre-la-dictature-cubaine\/"},"modified":"2020-07-23T16:18:52","modified_gmt":"2020-07-23T20:18:52","slug":"nadieska-navarro-ambassadeur-de-cuba-au-burkina-faso-le-m-26-a-ete-la-source-de-la-victoire-contre-la-dictature-cubaine","status":"publish","type":"post","link":"https:\/\/linitiative.ca\/International\/nadieska-navarro-ambassadeur-de-cuba-au-burkina-faso-le-m-26-a-ete-la-source-de-la-victoire-contre-la-dictature-cubaine\/","title":{"rendered":"Nadieska Navarro, ambassadeur de Cuba au Burkina Faso  : \u00ab Le M-26 a \u00e9t\u00e9 la source de la victoire  contre la dictature cubaine \u00bb"},"content":{"rendered":"<div class=\"td-post-featured-image\"><a href=\"https:\/\/www.sidwaya.info\/wp-content\/uploads\/2020\/07\/1-38.jpg\" data-caption=\"\"><img loading=\"lazy\" decoding=\"async\" width=\"595\" height=\"446\" class=\"entry-thumb td-modal-image\" src=\"https:\/\/www.sidwaya.info\/wp-content\/uploads\/2020\/07\/1-38.jpg\" srcset=\"https:\/\/www.sidwaya.info\/wp-content\/uploads\/2020\/07\/1-38.jpg 595w, https:\/\/www.sidwaya.info\/wp-content\/uploads\/2020\/07\/1-38-300x225.jpg 300w, https:\/\/www.sidwaya.info\/wp-content\/uploads\/2020\/07\/1-38-560x420.jpg 560w, https:\/\/www.sidwaya.info\/wp-content\/uploads\/2020\/07\/1-38-80x60.jpg 80w, https:\/\/www.sidwaya.info\/wp-content\/uploads\/2020\/07\/1-38-265x198.jpg 265w\" sizes=\"auto, (max-width: 595px) 100vw, 595px\" alt=\"\" title=\"1\"\/><\/a><\/div>\n<p><strong>Cuba c\u00e9l\u00e8bre cette ann\u00e9e le 67e anniversaire de la cr\u00e9ation du Mouvement du 26 juillet (M-26) par Fidel Castro. Dans cette interview, l\u2019ambassadeur de Cuba au Burkina Faso, Nadieska Navarro, explique le mouvement, son apport \u00e0 la r\u00e9volution de son pays \u2026 Elle revient \u00e9galement sur la coop\u00e9ration entre son pays et le Burkina Faso.<\/strong><\/p>\n<p><strong>Sidwaya (S) : 2020 marque le 67e anniversaire de la cr\u00e9ation du Mouvement du 26 juillet par Fidel Castro. Pouvez-vous nous parler davantage de ce mouvement ?<\/strong><\/p>\n<p>Nadieska Navarro (N.N.) : Cette ann\u00e9e marque le 67e anniversaire de l\u2019historique attaque des deux importantes casernes de la dictature militaire qui \u00e9tait au pouvoir \u00e0 Cuba \u00e0 l\u2019\u00e9poque. En 1953, un groupe de jeunes hommes, convaincus que la lutte arm\u00e9e \u00e9tait la seule mani\u00e8re de lib\u00e9rer Cuba de cette dictature sanglante, ont attaqu\u00e9 les casernes Moncada, \u00e0 Santiago de Cuba, et C\u00e9spedes, \u00e0 Bayamo, les deux villes les plus importantes de la r\u00e9gion Est du pays. Cette action courageuse, command\u00e9e par le jeune avocat \u00e0 l\u2019\u00e9poque, Fidel Castro, a \u00e9chou\u00e9. La force militaire de la dictature \u00e9tait sup\u00e9rieure en hommes et en armes. Beaucoup de ces jeunes hommes ont \u00e9t\u00e9 tu\u00e9s dans l\u2019action, d\u2019autres ont \u00e9t\u00e9 emprisonn\u00e9s et tortur\u00e9s. Fidel Castro a \u00e9t\u00e9 en prison pendant pr\u00e8s de deux ans et puis il a \u00e9t\u00e9 lib\u00e9r\u00e9 pendant un processus d\u2019amnistie forc\u00e9e par un fort mouvement populaire en sa faveur et de ses camarades. Lors de son proc\u00e8s, Fidel Castro a d\u00e9cid\u00e9 de faire sa propre d\u00e9fense et il a prononc\u00e9 une historique plaidoirie, connue sous le titre \u00ab L\u2019histoire m\u2019acquittera \u00bb. C\u2019est de cette mani\u00e8re que le Mouvement du 26 juillet est n\u00e9. Apr\u00e8s sa lib\u00e9ration, Castro et ses camarades ont quitt\u00e9 Cuba pour organiser \u00e0 partir de l\u2019ext\u00e9rieur, la lutte r\u00e9volutionnaire et la recherche de la victoire d\u00e9finitive. Cette victoire s\u2019est produite finalement le 1er janvier 1959.<\/p>\n<div class=\"td-a-rec td-a-rec-id-content_inline tdi_30_94f td_block_template_1\"><img loading=\"lazy\" decoding=\"async\" class=\"aligncenter size-full wp-image-21314\" src=\"https:\/\/www.sidwaya.info\/wp-content\/uploads\/2020\/04\/Bandeau-Covid-19-Sidwaya-1.jpg\" alt=\"\" width=\"790\" height=\"98\"\/><\/div>\n<p><strong>S : Quel a \u00e9t\u00e9 l\u2019apport du M-26 dans l\u2019av\u00e8nement de la r\u00e9volution cubaine ?<\/strong><\/p>\n<p>N.N. : Le M-26 a \u00e9t\u00e9 la principale source des combattants qui ont lutt\u00e9 contre la dictature cubaine, principalement dans les montagnes de l\u2019Est de Cuba, \u00e0 Sierra Maestra. Ils se sont appuy\u00e9s sur les autres mouvements r\u00e9volutionnaires qui ont organis\u00e9 la r\u00e9sistance clandestine dans les villes \u00e0 travers tout le pays. Le Mouvement, depuis son d\u00e9but, a re\u00e7u un fort appui de la population cubaine. Cela a \u00e9t\u00e9 d\u00e9cisif pour achever la victoire.<\/p>\n<p><strong>S : Comment le M-26 est-il c\u00e9l\u00e9br\u00e9 chaque ann\u00e9e \u00e0 Cuba ?<\/strong><\/p>\n<p>N.N. : Le 26 juillet est connu \u00e0 Cuba comme \u00ab La journ\u00e9e de la r\u00e9bellion nationale \u00bb. Chaque ann\u00e9e, cette date est c\u00e9l\u00e9br\u00e9e \u00e0 Cuba \u00e0 travers des activit\u00e9s massives politiques et culturelles sur toute l\u2019\u00e9tendue du territoire.<br \/>C\u2019est une journ\u00e9e en souvenir des h\u00e9ros et des martyrs du Moncada et, historiquement, de la r\u00e9novation de l\u2019appui populaire \u00e0 la R\u00e9volution cubaine au pouvoir. Normalement, on accorde trois jours f\u00e9ri\u00e9s pour la c\u00e9l\u00e9bration, les 25, 26 et 27 juillet. Cette ann\u00e9e, \u00e0 cause de la pand\u00e9mie de la COVID-19, on n\u2019aura pas de c\u00e9l\u00e9brations massives dans notre pays, mais la journ\u00e9e sera f\u00eat\u00e9e \u00e0 travers diff\u00e9rentes initiatives prises par la population et notre gouvernement, notamment par le biais des moyens de communication et les r\u00e9seaux sociaux.<\/p>\n<p><strong>S : Quel symbole les Cubains accordent-ils au M-26 ?<\/strong><\/p>\n<p>N.N. : Le M-26 est symbolis\u00e9 par un brassard rouge et noir, port\u00e9 par ses int\u00e9grants pendant la lutte r\u00e9volutionnaire dans la Sierra Maestra. Il y a aussi un drapeau avec les m\u00eames couleurs et un hymne que tous les Cubains connaissent par c\u0153ur.<\/p>\n<p><strong>S : Comment se porte la coop\u00e9ration bilat\u00e9rale entre Cuba et le Burkina Faso ?<\/strong><\/p>\n<p>N.N. : La coop\u00e9ration entre Cuba et le pays des Hommes int\u00e8gres a commenc\u00e9 en 1984, avec l\u2019envoi dans ce pays de la premi\u00e8re brigade m\u00e9dicale cubaine qui se poursuit de nos jours. Plus de 200 professionnels cubains de la sant\u00e9 ont travaill\u00e9 dans 12 des 13 r\u00e9gions sanitaires et dans 16 des 45 provinces du pays. Ils ont offert des soins \u00e0 89 % de la population des zones concern\u00e9es. Aussi, plus de 500 jeunes burkinab\u00e8 ont \u00e9t\u00e9 dipl\u00f4m\u00e9s dans notre pays dans diff\u00e9rentes sp\u00e9cialit\u00e9s. Aujourd\u2019hui, une brigade m\u00e9dicale cubaine, comprenant 14 m\u00e9decins sp\u00e9cialistes, rend service dans ce pays. La brigade est compos\u00e9e de 3 sp\u00e9cialistes en microbiologie, 2 en n\u00e9phrologie, 2 en chirurgie g\u00e9n\u00e9rale, 1 en soins intensifs, 1 en cardiologie, 1 en neurochirurgie, 1 en \u00e9pid\u00e9miologie, 1 en stomatologie, 1 en orthop\u00e9die et 1 en urologie. Nous avons envoy\u00e9 aussi 3 entra\u00eeneurs sportifs (2 en athl\u00e9tisme et 1 en boxe) \u00e0 la suite d\u2019une dol\u00e9ance des autorit\u00e9s burkinab\u00e8.<br \/>Cuba et le Burkina Faso maintiennent aussi une coop\u00e9ration multilat\u00e9rale importante aux Nations unies et dans diff\u00e9rentes organisations internationales, avec l\u2019appui mutuel dans les sujets les plus importants de l\u2019agenda multilat\u00e9ral. Le Burkina Faso a toujours soutenu la d\u00e9nonciation internationale de Cuba \u00e0 propos du blocus impos\u00e9 par les Etats-Unis \u00e0 notre pays. Dans ce contexte, votre pays vote toutes les ann\u00e9es en faveur de la r\u00e9solution que Cuba pr\u00e9sente \u00e0 l\u2019Assembl\u00e9e g\u00e9n\u00e9rale des Nations unies contre le blocus. Et cela avec la majorit\u00e9 \u00e9crasante de la communaut\u00e9 internationale.<\/p>\n<p><strong>S : Dans quels domaines les deux pays souhaitent-ils renforcer leur coop\u00e9ration ?<\/strong><\/p>\n<p>N.N. : Nos deux pays souhaitent renforcer leur coop\u00e9ration dans tous les domaines possibles, notamment l\u2019agriculture, la biotechnologie, le commerce et la culture. Aussi, on aspire maintenir \u00e0 un dialogue de haut niveau sur tous les sujets politiques d\u2019int\u00e9r\u00eat mutuel.<\/p>\n<p><strong>S : Cette ann\u00e9e, le monde entier fait face \u00e0 l\u2019\u00e9preuve du coronavirus. Comment votre pays et le Burkina Faso collaborent dans la lutte contre cette pand\u00e9mie?<\/strong><\/p>\n<p>N.N. : Cuba et le Burkina Faso collaborent de diff\u00e9rentes mani\u00e8res pour faire face \u00e0 la pand\u00e9mie de la COVID-19. Le sp\u00e9cialiste en \u00e9pid\u00e9miologie de la Brigade m\u00e9dicale cubaine appuie et conseille le CORUS pour une meilleure r\u00e9ponse \u00e0 la maladie. Aussi, la brigade a c\u00e9d\u00e9 des moyens de protection aux diff\u00e9rents centres de sant\u00e9 \u00e0 Ouagadougou. R\u00e9cemment, des autorit\u00e9s de la sant\u00e9 du Burkina Faso ont particip\u00e9 \u00e0 une visioconf\u00e9rence avec des experts cubains de sant\u00e9 o\u00f9 s\u2019est produit un \u00e9change tr\u00e8s productif des points de vue et des exp\u00e9riences sur le combat contre la COVID-19.<\/p>\n<p><strong>S : Parlez-nous de la coop\u00e9ration culturelle entre Cuba et le Burkina Faso.<\/strong><\/p>\n<p>N.N. : Les liens culturels entre Cuba et l\u2019Afrique sont tr\u00e8s forts. La culture et les traditions africaines sont \u00e0 la base de la formation de la nation cubaine. Entre Cuba et le Burkina Faso, il y a eu des \u00e9changes culturels importants, notamment dans la musique, le cin\u00e9ma et les arts plastiques. Notre ambassade est tr\u00e8s int\u00e9ress\u00e9e \u00e0 continuer la promotion de cette coop\u00e9ration. Nous avons d\u00e9j\u00e0 commenc\u00e9 un \u00e9change avec le mus\u00e9e national du Burkina Faso pour explorer les possibilit\u00e9s des exhibitions des produits historiques et culturels cubains. Cuba pr\u00e9pare \u00e9galement sa participation au prochain FESPACO. Nous sommes notamment int\u00e9ress\u00e9s \u00e9galement \u00e0 promouvoir les voyages des d\u00e9l\u00e9gations culturels entre les deux pays.<\/p>\n<p class=\"c1\"><strong>Propos recueillis par<\/strong><br \/><strong>Karim BADOLO<\/strong><\/p>\n<div class=\"td-a-rec td-a-rec-id-content_bottom tdi_31_0aa td_block_template_1\"><img loading=\"lazy\" decoding=\"async\" class=\"aligncenter size-full wp-image-22415\" src=\"https:\/\/www.sidwaya.info\/wp-content\/uploads\/2020\/05\/Bandeau-paiement-mobile-site.png\" alt=\"\" width=\"728\" height=\"90\"\/><\/div>\n<p>Auteur: DD. Sidwaya<br \/>\n<a href=\"https:\/\/www.sidwaya.info\/blog\/2020\/07\/23\/nadieska-navarro-ambassadeur-de-cuba-au-burkina-faso-le-m-26-a-ete-la-source-de-la-victoire-contre-la-dictature-cubaine\/\">Cliquez ici pour lire l&rsquo;article depuis sa source.<\/a><\/p>\n","protected":false},"excerpt":{"rendered":"<p>Cuba c\u00e9l\u00e8bre cette ann\u00e9e le 67e anniversaire de la cr\u00e9ation du Mouvement du 26 juillet (M-26) par Fidel Castro. Dans cette interview, l\u2019ambassadeur de Cuba au Burkina Faso, Nadieska Navarro, explique le mouvement, son apport \u00e0 la r\u00e9volution de son pays \u2026 Elle revient \u00e9galement sur la coop\u00e9ration entre son pays et le Burkina Faso. [&hellip;]<\/p>\n","protected":false},"author":1816,"featured_media":93356,"comment_status":"closed","ping_status":"closed","sticky":false,"template":"","format":"standard","meta":{"fifu_image_url":"","fifu_image_alt":"","footnotes":""},"categories":[73,81],"tags":[],"class_list":["post-93355","post","type-post","status-publish","format-standard","has-post-thumbnail","hentry","category-actualite","category-burkina-faso"],"_links":{"self":[{"href":"https:\/\/linitiative.ca\/International\/wp-json\/wp\/v2\/posts\/93355","targetHints":{"allow":["GET"]}}],"collection":[{"href":"https:\/\/linitiative.ca\/International\/wp-json\/wp\/v2\/posts"}],"about":[{"href":"https:\/\/linitiative.ca\/International\/wp-json\/wp\/v2\/types\/post"}],"author":[{"embeddable":true,"href":"https:\/\/linitiative.ca\/International\/wp-json\/wp\/v2\/users\/1816"}],"replies":[{"embeddable":true,"href":"https:\/\/linitiative.ca\/International\/wp-json\/wp\/v2\/comments?post=93355"}],"version-history":[{"count":0,"href":"https:\/\/linitiative.ca\/International\/wp-json\/wp\/v2\/posts\/93355\/revisions"}],"wp:featuredmedia":[{"embeddable":true,"href":"https:\/\/linitiative.ca\/International\/wp-json\/"}],"wp:attachment":[{"href":"https:\/\/linitiative.ca\/International\/wp-json\/wp\/v2\/media?parent=93355"}],"wp:term":[{"taxonomy":"category","embeddable":true,"href":"https:\/\/linitiative.ca\/International\/wp-json\/wp\/v2\/categories?post=93355"},{"taxonomy":"post_tag","embeddable":true,"href":"https:\/\/linitiative.ca\/International\/wp-json\/wp\/v2\/tags?post=93355"}],"curies":[{"name":"wp","href":"https:\/\/api.w.org\/{rel}","templated":true}]}}