{"id":93357,"date":"2020-07-23T16:48:26","date_gmt":"2020-07-23T20:48:26","guid":{"rendered":"https:\/\/linitiative.ca\/International\/le-premier-ministre-a-solenzo-un-espoir-pour-les-populations-des-banwa\/"},"modified":"2020-07-23T16:48:26","modified_gmt":"2020-07-23T20:48:26","slug":"le-premier-ministre-a-solenzo-un-espoir-pour-les-populations-des-banwa","status":"publish","type":"post","link":"https:\/\/linitiative.ca\/International\/le-premier-ministre-a-solenzo-un-espoir-pour-les-populations-des-banwa\/","title":{"rendered":"Le Premier ministre \u00e0 Solenzo : un espoir pour les populations  des Banwa"},"content":{"rendered":"<div class=\"td-post-featured-image\"><a href=\"https:\/\/www.sidwaya.info\/wp-content\/uploads\/2020\/07\/1-39.jpg\" data-caption=\"\"><img loading=\"lazy\" decoding=\"async\" width=\"595\" height=\"389\" class=\"entry-thumb td-modal-image\" src=\"https:\/\/www.sidwaya.info\/wp-content\/uploads\/2020\/07\/1-39.jpg\" srcset=\"https:\/\/www.sidwaya.info\/wp-content\/uploads\/2020\/07\/1-39.jpg 595w, https:\/\/www.sidwaya.info\/wp-content\/uploads\/2020\/07\/1-39-300x196.jpg 300w\" sizes=\"auto, (max-width: 595px) 100vw, 595px\" alt=\"\" title=\"1\"\/><\/a><\/div>\n<p><strong>La visite du Premier ministre, Christophe Joseph Marie Dabir\u00e9 dans la province des Banwa, r\u00e9gion de la Boucle du Mouhoun, hier 23 juillet 2020, a \u00e9t\u00e9 un soulagement pour les populations de Solenzo, parce que le tron\u00e7on de la route qui relie la localit\u00e9 \u00e0 la capitale r\u00e9gionale, D\u00e9dougou, a \u00e9t\u00e9 r\u00e9habilit\u00e9.<\/strong><\/p>\n<p>La principale voie d\u2019entr\u00e9e de la ville de Solenzo, en provenance de D\u00e9dougou (capitale r\u00e9gionale) qui constitue un calvaire pour les usagers conna\u00eet une r\u00e9habilitation. En effet, cette partie de la route qui obligeait les v\u00e9hicules \u00e0 se vider de leurs passagers avant la travers\u00e9e, a \u00e9t\u00e9 r\u00e9habilit\u00e9e dans la nuit du mercredi 22 au jeudi 23 juillet 2020. Et ce, \u00e0 la faveur de la visite du Premier ministre, Christophe Joseph Marie Dabir\u00e9, dans la localit\u00e9. La r\u00e9habilitation de cette partie de la voie constitue donc un v\u00e9ritable soulagement pour les habitants de Solenzo qui saluent l\u2019initiative. Certains regrettent cependant, le temps mis pour corriger cette anomalie. En effet, les habitants des Banwa ont appel\u00e9 de leurs v\u0153ux pour que cette route, qui relie la province au chef-lieu de r\u00e9gion, soit bitum\u00e9e.<\/p>\n<p>A ce propos, le gouvernement a accord\u00e9, depuis quatre ans, le march\u00e9 \u00e0 l\u2019entreprise TSR\/GTI pour un d\u00e9lai d\u2019ex\u00e9cution de 15 mois. Les travaux ont commenc\u00e9 et l\u2019entreprise est \u00e0 neuf mois de r\u00e9alisation, avec un taux d\u2019ex\u00e9cution de 9%, a-t-on annonc\u00e9 \u00e0 l\u2019AIB.<br \/>Dramane Drabo, pr\u00e9sident des artisans des Banwa a appr\u00e9ci\u00e9 positivement l\u2019arriv\u00e9e du Premier ministre dans la province car, selon lui, c\u2019est la premi\u00e8re fois qu\u2019un chef du gouvernement se d\u00e9place sp\u00e9cialement pour \u00e9changer avec la population des Banwa. \u00ab Nous lui souhaitons la bienvenue. Seulement ce qui nous fait mal, c\u2019est le fait que durant quatre ans l\u2019entreprise TSR\/GTI cens\u00e9e arranger la voie, ne l\u2019ait faite qu\u2019\u00e0 la veille de l\u2019arriv\u00e9e du Premier ministre. Cela est inadmissible\u00bb, a-t-il d\u00e9clar\u00e9.<\/p>\n<div class=\"td-a-rec td-a-rec-id-content_inline tdi_30_10c td_block_template_1\"><img loading=\"lazy\" decoding=\"async\" class=\"aligncenter size-full wp-image-21314\" src=\"https:\/\/www.sidwaya.info\/wp-content\/uploads\/2020\/04\/Bandeau-Covid-19-Sidwaya-1.jpg\" alt=\"\" width=\"790\" height=\"98\"\/><\/div>\n<p>A l\u2019instar de M. Drabo, la plupart des habitants de la ville se demandent pourquoi l\u2019entreprise attributaire a mis du temps avant d\u2019entamer le chantier. Ils souhaitent surtout que le rythme d\u2019ex\u00e9cution des travaux commenc\u00e9s avec l\u2019arriv\u00e9e du PM soit maintenu apr\u00e8s son d\u00e9part.<br \/>Apr\u00e8s les Banwa, le Premier ministre (PM), Christophe Joseph Marie Dabir\u00e9 va parcourir les provinces de la r\u00e9gion de la Boucle du Mouhoun jusqu\u2019au 27 juillet 2020.<\/p>\n<p class=\"c1\"><strong>Salifou OUEDRAOGO<\/strong><br \/><strong>AIB\/Solenzo<\/strong><\/p>\n<div class=\"td-a-rec td-a-rec-id-content_bottom tdi_31_c1f td_block_template_1\"><img loading=\"lazy\" decoding=\"async\" class=\"aligncenter size-full wp-image-22415\" src=\"https:\/\/www.sidwaya.info\/wp-content\/uploads\/2020\/05\/Bandeau-paiement-mobile-site.png\" alt=\"\" width=\"728\" height=\"90\"\/><\/div>\n<p>Auteur: DD. Sidwaya<br \/>\n<a href=\"https:\/\/www.sidwaya.info\/blog\/2020\/07\/23\/le-premier-ministre-a-solenzo-un-espoir-pour-les-populations-des-banwa\/\">Cliquez ici pour lire l&rsquo;article depuis sa source.<\/a><\/p>\n","protected":false},"excerpt":{"rendered":"<p>La visite du Premier ministre, Christophe Joseph Marie Dabir\u00e9 dans la province des Banwa, r\u00e9gion de la Boucle du Mouhoun, hier 23 juillet 2020, a \u00e9t\u00e9 un soulagement pour les populations de Solenzo, parce que le tron\u00e7on de la route qui relie la localit\u00e9 \u00e0 la capitale r\u00e9gionale, D\u00e9dougou, a \u00e9t\u00e9 r\u00e9habilit\u00e9. La principale voie [&hellip;]<\/p>\n","protected":false},"author":1816,"featured_media":93358,"comment_status":"closed","ping_status":"closed","sticky":false,"template":"","format":"standard","meta":{"fifu_image_url":"","fifu_image_alt":"","footnotes":""},"categories":[73,81],"tags":[],"class_list":["post-93357","post","type-post","status-publish","format-standard","has-post-thumbnail","hentry","category-actualite","category-burkina-faso"],"_links":{"self":[{"href":"https:\/\/linitiative.ca\/International\/wp-json\/wp\/v2\/posts\/93357","targetHints":{"allow":["GET"]}}],"collection":[{"href":"https:\/\/linitiative.ca\/International\/wp-json\/wp\/v2\/posts"}],"about":[{"href":"https:\/\/linitiative.ca\/International\/wp-json\/wp\/v2\/types\/post"}],"author":[{"embeddable":true,"href":"https:\/\/linitiative.ca\/International\/wp-json\/wp\/v2\/users\/1816"}],"replies":[{"embeddable":true,"href":"https:\/\/linitiative.ca\/International\/wp-json\/wp\/v2\/comments?post=93357"}],"version-history":[{"count":0,"href":"https:\/\/linitiative.ca\/International\/wp-json\/wp\/v2\/posts\/93357\/revisions"}],"wp:featuredmedia":[{"embeddable":true,"href":"https:\/\/linitiative.ca\/International\/wp-json\/"}],"wp:attachment":[{"href":"https:\/\/linitiative.ca\/International\/wp-json\/wp\/v2\/media?parent=93357"}],"wp:term":[{"taxonomy":"category","embeddable":true,"href":"https:\/\/linitiative.ca\/International\/wp-json\/wp\/v2\/categories?post=93357"},{"taxonomy":"post_tag","embeddable":true,"href":"https:\/\/linitiative.ca\/International\/wp-json\/wp\/v2\/tags?post=93357"}],"curies":[{"name":"wp","href":"https:\/\/api.w.org\/{rel}","templated":true}]}}