{"id":93387,"date":"2020-07-24T11:16:22","date_gmt":"2020-07-24T15:16:22","guid":{"rendered":"https:\/\/linitiative.ca\/International\/daoudia-exalte-son-nouveau-titre-de-reine-du-rai-pour-sa-reprise-dun-single-algerien\/"},"modified":"2020-07-24T11:16:22","modified_gmt":"2020-07-24T15:16:22","slug":"daoudia-exalte-son-nouveau-titre-de-reine-du-rai-pour-sa-reprise-dun-single-algerien","status":"publish","type":"post","link":"https:\/\/linitiative.ca\/International\/daoudia-exalte-son-nouveau-titre-de-reine-du-rai-pour-sa-reprise-dun-single-algerien\/","title":{"rendered":"Daoudia exalte son nouveau titre de \u00abreine du ra\u00ef\u00bb pour sa reprise d\u2019un single alg\u00e9rien"},"content":{"rendered":"<p><img decoding=\"async\" class=\"post_layout_5_img\" src=\"http:\/\/aujourdhui.ma\/wp-content\/uploads\/2020\/07\/Zina-daoudia.jpg\" alt=\"Daoudia exalte son nouveau titre de &#xAB;reine du ra&#xEF;&#xBB; pour sa reprise d&#x2019;un single alg&#xE9;rien\"\/><\/p>\n<p><span class=\"c6\"><strong><span class=\"c5\">La chanteuse exprime exclusivement \u00e0 ALM sa joie<\/span><\/strong><\/span><span id=\"more-351721\"\/><\/p>\n<p>\u00abJe suis assez contente d\u2019\u00eatre qualifi\u00e9e de reine du ra\u00ef. Ce titre, qui est plus qu\u2019un honneur pour moi, m\u2019encouragera \u00e0 donner plus. Je remercie le public marocain et maghr\u00e9bin ainsi qu\u2019alg\u00e9rien qui m\u2019a donn\u00e9 ce titre et cru en moi. Je vous adore tous !!! \u00bb. Ainsi exprime la star, Zina Daoudia, exclusivement \u00e0 ALM sa joie apr\u00e8s avoir \u00e9t\u00e9 tout r\u00e9cemment appel\u00e9e \u00abreine du ra\u00ef\u00bb pour le lancement de la reprise (cover), en rythmes modernes, du single \u00abBalak\u00bb du c\u00e9l\u00e9brissime artiste alg\u00e9rien Abdou Deryassa.<br \/>Outre cette appellation, la chanteuse, qui a chant\u00e9 en duo \u00abNsameh w ma nsa\u00bb (Je pardonne mais je n\u2019oublie pas) avec l\u2019Alg\u00e9rien Kader Japonais, a d\u00e9j\u00e0 \u00e9t\u00e9 qualifi\u00e9e de \u00abmeilleure artiste maghr\u00e9bine\u00bb par le festival \u00abOscar Al-Arab\u00bb (Oscar des Arabes).<\/p>\n<p>Avant de lancer la reprise de \u00abBalak\u00bb, Daoudia, de son vrai nom Hind El Hannouni, avait r\u00e9cemment sorti un nouveau single intitul\u00e9 \u00abEnta\u00bb (Toi) en style ra\u00ef. Comme elle a lanc\u00e9 \u00abBiban Zehri\u00bb (Les portes de ma chance) dont les paroles, la composition et l\u2019arrangement sont respectivement con\u00e7us par Mohamed Amir, Achraf Faquihi et Badr El Makhlouki. Quant au clip, r\u00e9alis\u00e9 par Hassan El-Kourfti, il est agr\u00e9ment\u00e9 par la participation de l\u2019acteur, Haytham Miftah et l\u2019ex-miss Maroc, Nouhaila Amekli. Au-del\u00e0 de ces nouveaut\u00e9s, la chanteuse, connue pour son style cha\u00e2bi et qui a \u00e9galement d\u00e9croch\u00e9 le titre de \u00abmeilleure chanteuse populaire\u00bb \u00e0 Duba\u00ef, a anim\u00e9 plusieurs concerts au Maroc et \u00e0 l\u2019\u00e9tranger. Ses performances lui valent la forte appr\u00e9ciation du public f\u00e9ru de cet art. En d\u00e9but de cette ann\u00e9e, elle s\u2019est produite en Arabie Saoudite et a lanc\u00e9 \u00abSalman El Hazm\u00bb (Salman le r\u00e9solu) qu\u2019elle a d\u00e9di\u00e9, en ses propres paroles sur un arrangement d\u2019Adil Lakhlifi, au Souverain du Royaume d\u2019Arabie Saoudite sans manquer de devoir une fi\u00e8re chandelle au Maroc.<\/p>\n<p>En plus de ces singles, l\u2019artiste a un grand nombre d\u2019\u0153uvres au compteur. Elle a ainsi interpr\u00e9t\u00e9 \u00abKhirha fghirha\u00bb (La prochaine sera la bonne) dont l\u2019auteur et la composition ainsi que l\u2019arrangement ont \u00e9t\u00e9 r\u00e9alis\u00e9s par Houssein Ben Karna. De m\u00eame, elle a chant\u00e9 \u00abWa tastamir Al Hayat\u00bb (La vie continue) sur paroles et composition de Anouar Makdour et arrangement de Hicham Khatir ainsi que le single \u00abDipassiti lhoudoud\u00bb (Tu as d\u00e9pass\u00e9 les limites) \u00e9crit, compos\u00e9 et arrang\u00e9 par Houssein Ben Karna et bien d\u2019autres comme \u00abRendez-vous\u00bb en featuring avec Dj Van. Des \u0153uvres qui font davantage la renomm\u00e9e de Daoudia.<\/p>\n<p>Auteur: Salima Guisser<br \/>\n<a href=\"https:\/\/aujourdhui.ma\/culture\/musique\/daoudia-exalte-son-nouveau-titre-de-reine-du-rai-pour-sa-reprise-dun-single-algerien\">Cliquez ici pour lire l&rsquo;article depuis sa source.<\/a><\/p>\n","protected":false},"excerpt":{"rendered":"<p>La chanteuse exprime exclusivement \u00e0 ALM sa joie \u00abJe suis assez contente d\u2019\u00eatre qualifi\u00e9e de reine du ra\u00ef. Ce titre, qui est plus qu\u2019un honneur pour moi, m\u2019encouragera \u00e0 donner plus. Je remercie le public marocain et maghr\u00e9bin ainsi qu\u2019alg\u00e9rien qui m\u2019a donn\u00e9 ce titre et cru en moi. Je vous adore tous !!! \u00bb. [&hellip;]<\/p>\n","protected":false},"author":1759,"featured_media":93388,"comment_status":"closed","ping_status":"closed","sticky":false,"template":"","format":"standard","meta":{"fifu_image_url":"","fifu_image_alt":"","footnotes":""},"categories":[73,54],"tags":[],"class_list":["post-93387","post","type-post","status-publish","format-standard","has-post-thumbnail","hentry","category-actualite","category-maroc"],"_links":{"self":[{"href":"https:\/\/linitiative.ca\/International\/wp-json\/wp\/v2\/posts\/93387","targetHints":{"allow":["GET"]}}],"collection":[{"href":"https:\/\/linitiative.ca\/International\/wp-json\/wp\/v2\/posts"}],"about":[{"href":"https:\/\/linitiative.ca\/International\/wp-json\/wp\/v2\/types\/post"}],"author":[{"embeddable":true,"href":"https:\/\/linitiative.ca\/International\/wp-json\/wp\/v2\/users\/1759"}],"replies":[{"embeddable":true,"href":"https:\/\/linitiative.ca\/International\/wp-json\/wp\/v2\/comments?post=93387"}],"version-history":[{"count":0,"href":"https:\/\/linitiative.ca\/International\/wp-json\/wp\/v2\/posts\/93387\/revisions"}],"wp:featuredmedia":[{"embeddable":true,"href":"https:\/\/linitiative.ca\/International\/wp-json\/"}],"wp:attachment":[{"href":"https:\/\/linitiative.ca\/International\/wp-json\/wp\/v2\/media?parent=93387"}],"wp:term":[{"taxonomy":"category","embeddable":true,"href":"https:\/\/linitiative.ca\/International\/wp-json\/wp\/v2\/categories?post=93387"},{"taxonomy":"post_tag","embeddable":true,"href":"https:\/\/linitiative.ca\/International\/wp-json\/wp\/v2\/tags?post=93387"}],"curies":[{"name":"wp","href":"https:\/\/api.w.org\/{rel}","templated":true}]}}