{"id":93391,"date":"2020-07-24T10:33:01","date_gmt":"2020-07-24T14:33:01","guid":{"rendered":"https:\/\/linitiative.ca\/International\/le-sg-du-pps-sentretient-avec-une-delegation-de-la-coalition-marocaine\/"},"modified":"2020-07-24T10:33:01","modified_gmt":"2020-07-24T14:33:01","slug":"le-sg-du-pps-sentretient-avec-une-delegation-de-la-coalition-marocaine","status":"publish","type":"post","link":"https:\/\/linitiative.ca\/International\/le-sg-du-pps-sentretient-avec-une-delegation-de-la-coalition-marocaine\/","title":{"rendered":"Le SG du PPS s\u2019entretient avec une d\u00e9l\u00e9gation de la coalition marocaine"},"content":{"rendered":"<p class=\"has-text-color has-vivid-red-color c2\"><strong>Abolition de la peine de mort<\/strong><\/p>\n<p class=\"has-text-color c3\"><strong>Le Secr\u00e9taire g\u00e9n\u00e9ral du Parti du Progr\u00e8s et du Socialisme, Mohamed Nabil Benabdallah \u00a0a re\u00e7u, jeudi soir au si\u00e8ge national du parti \u00e0 Rabat, une d\u00e9l\u00e9gation de la coalition marocaine pour l\u2019abolition de la peine de mort, conduite par son pr\u00e9sident, le b\u00e2tonnier Abderrahim El<br \/>Jamai, venue demander le soutien du PPS \u00e0 son plaidoyer en faveur du respect du droit \u00e0 la vie et d\u2019autres dossiers \u00e0 caract\u00e8re humanitaire.<\/strong><\/p>\n<div class=\"wp-block-image\"><img loading=\"lazy\" decoding=\"async\" src=\"http:\/\/albayane.press.ma\/wp-content\/uploads\/Ouv-moussa.jpg\" alt=\"\" class=\"wp-image-93336\" width=\"565\" height=\"334\"\/><\/div>\n<p>Dans ce cadre, le Secr\u00e9taire G\u00e9n\u00e9ral a salu\u00e9 l\u2019initiative de la coalition de lancer cette campagne de d\u00e9fense des droits humains, en pr\u00e9vision de la c\u00e9l\u00e9bration de la Journ\u00e9e mondiale contre la peine de mort (10 octobre) et a rassur\u00e9 de nouveau l\u2019organisation du soutien de son parti et de sa disposition \u00e0 porter toutes les initiatives visant \u00e0 la d\u00e9fense des droits de l\u2019homme.<\/p>\n<p>Il a toutefois appel\u00e9 \u00e0 la pr\u00e9paration du terrain pour faire en sorte que le climat et les conditions soient plus propices pour avancer sur tous les dossiers concernant les droits de l\u2019homme et le droit \u00e0 la vie et pour faciliter aussi la t\u00e2che de portage politique de tels dossiers.<\/p>\n<p>Pour sa part, le pr\u00e9sident de la coalition, le b\u00e2tonnier El Jamai a indiqu\u00e9 que son mouvement compte beaucoup sur le soutien du PPS pour porter leurs revendications au niveau politique et en particulier au niveau l\u00e9gislatif.<\/p>\n<p>Exposant la situation dans le pays, il a indiqu\u00e9 que des dizaines de condamn\u00e9s attendent toujours dans le couloir de la mort et que quelque 32 d\u2019entre eux ont heureusement \u00e9t\u00e9 graci\u00e9s en une seule fois par Sa Majest\u00e9 le Roi, Mohammed VI, qui n\u2019a jamais sign\u00e9 jusqu\u2019ici une ex\u00e9cution.<\/p>\n<p>Il a \u00e9galement estim\u00e9 que l\u2019abolition de cette peine n\u2019est pas une affaire de religion. Mieux encore, elle n\u2019est pas contraire aux pr\u00e9ceptes religieux, a-t-il dit. C\u2019est pourquoi, deux tiers ( 2\/3) des pays musulmans dans le monde l\u2019ont abolie dont le dernier en date est le Tchad, a-t-il dit.<\/p>\n<p>Evoquant le sort du code p\u00e9nal et de la proc\u00e9dure p\u00e9nale, il a estim\u00e9 que leur\u00a0 amendement s\u2019impose pour les mettre \u00e0 niveau des dispositions de la Constitution de 2011 et des Conventions internationales, ratifi\u00e9es par le Royaume pour les rendre moins<br \/>r\u00e9pressifs.<\/p>\n<p>Il a appel\u00e9 dans ce sens \u00e0 l\u2019adoption de peines alternatives pour d\u00e9congestionner les prisons marocaines, qui ont \u00e9t\u00e9 malheureusement d\u00e9pass\u00e9es, au cours de la p\u00e9riode de confinement sanitaire, pendant laquelle quelque 90.000 personnes ont \u00e9t\u00e9 arr\u00eat\u00e9es en une quinzaine de jours.<\/p>\n<p>Ont pris part \u00e0 ce d\u00e9bat outre les membres du Bureau politique du PPS, Charafat Afailal et Azzouz Senhaji, les\u00a0 membres des r\u00e9seaux contre la peine de mort de la coalition : Hammadi Malni (avocates et des avocats), Fatima Mazzi Gouaima (parlementaires), Nezha Skalli<br \/>(parlementaires), Hakima Ajajou (journalistes) et Mohamed Ahdate du secr\u00e9tariat de la coalition.<\/p>\n<p class=\"c4\">M\u2019Barek Tafsi<\/p>\n<p>Auteur: M&rsquo;hammed rahal<br \/>\n<a href=\"http:\/\/albayane.press.ma\/le-sg-du-pps-sentretient-avec-une-delegation-de-la-coalition-marocaine-pour-labolition-de-la-peine-de-mort.html\">Cliquez ici pour lire l&rsquo;article depuis sa source.<\/a><\/p>\n","protected":false},"excerpt":{"rendered":"<p>Abolition de la peine de mort Le Secr\u00e9taire g\u00e9n\u00e9ral du Parti du Progr\u00e8s et du Socialisme, Mohamed Nabil Benabdallah \u00a0a re\u00e7u, jeudi soir au si\u00e8ge national du parti \u00e0 Rabat, une d\u00e9l\u00e9gation de la coalition marocaine pour l\u2019abolition de la peine de mort, conduite par son pr\u00e9sident, le b\u00e2tonnier Abderrahim ElJamai, venue demander le soutien [&hellip;]<\/p>\n","protected":false},"author":1760,"featured_media":93392,"comment_status":"closed","ping_status":"closed","sticky":false,"template":"","format":"standard","meta":{"fifu_image_url":"","fifu_image_alt":"","footnotes":""},"categories":[73,54],"tags":[],"class_list":["post-93391","post","type-post","status-publish","format-standard","has-post-thumbnail","hentry","category-actualite","category-maroc"],"_links":{"self":[{"href":"https:\/\/linitiative.ca\/International\/wp-json\/wp\/v2\/posts\/93391","targetHints":{"allow":["GET"]}}],"collection":[{"href":"https:\/\/linitiative.ca\/International\/wp-json\/wp\/v2\/posts"}],"about":[{"href":"https:\/\/linitiative.ca\/International\/wp-json\/wp\/v2\/types\/post"}],"author":[{"embeddable":true,"href":"https:\/\/linitiative.ca\/International\/wp-json\/wp\/v2\/users\/1760"}],"replies":[{"embeddable":true,"href":"https:\/\/linitiative.ca\/International\/wp-json\/wp\/v2\/comments?post=93391"}],"version-history":[{"count":0,"href":"https:\/\/linitiative.ca\/International\/wp-json\/wp\/v2\/posts\/93391\/revisions"}],"wp:featuredmedia":[{"embeddable":true,"href":"https:\/\/linitiative.ca\/International\/wp-json\/"}],"wp:attachment":[{"href":"https:\/\/linitiative.ca\/International\/wp-json\/wp\/v2\/media?parent=93391"}],"wp:term":[{"taxonomy":"category","embeddable":true,"href":"https:\/\/linitiative.ca\/International\/wp-json\/wp\/v2\/categories?post=93391"},{"taxonomy":"post_tag","embeddable":true,"href":"https:\/\/linitiative.ca\/International\/wp-json\/wp\/v2\/tags?post=93391"}],"curies":[{"name":"wp","href":"https:\/\/api.w.org\/{rel}","templated":true}]}}