{"id":93393,"date":"2020-07-24T10:36:15","date_gmt":"2020-07-24T14:36:15","guid":{"rendered":"https:\/\/linitiative.ca\/International\/le-pps-accueille-lassociation-damir\/"},"modified":"2020-07-24T10:36:15","modified_gmt":"2020-07-24T14:36:15","slug":"le-pps-accueille-lassociation-damir","status":"publish","type":"post","link":"https:\/\/linitiative.ca\/International\/le-pps-accueille-lassociation-damir\/","title":{"rendered":"Le PPS accueille l\u2019association \u00abDAMIR\u00bb"},"content":{"rendered":"<p class=\"has-text-color has-vivid-red-color c2\"><strong>Concertations pour un mouvement citoyen<\/strong><\/p>\n<p class=\"c3\"><strong>M\u2019Barek Tafsi<\/strong><\/p>\n<p class=\"has-text-color c4\"><strong>Le Secr\u00e9taire G\u00e9n\u00e9ral du Parti du Progr\u00e8s et du Socialisme, Mohammed Nabil Benabdallah, accompagn\u00e9 des membres du bureau politique, Touria Skalli, Charafat afailal, Karim Taj et Azzouz Senhaji a re\u00e7u, jeudi soir au si\u00e8ge national du parti, une d\u00e9l\u00e9gation du mouvement \u00abDAMIR\u00bb, compos\u00e9e du pr\u00e9sident du collectif Salah El Ouadie et des membres Omar Benmoussa et Ahmed Assid.<\/strong><\/p>\n<div class=\"wp-block-image\"><img loading=\"lazy\" decoding=\"async\" src=\"http:\/\/albayane.press.ma\/wp-content\/uploads\/ventre-moussa2.jpg\" alt=\"\" class=\"wp-image-93340\" width=\"564\" height=\"332\"\/><\/div>\n<p>\u00a0Cette rencontre s\u2019inscrit dans le cadre de la reprise des concertations lanc\u00e9es en mars dernier par le PPS, mais interrompues depuis par la pand\u00e9mie li\u00e9e \u00e0 la Covid-19, pour la cr\u00e9ation d\u2019un mouvement citoyen et social qui se veut \u00eatre une dynamique et une plateforme de d\u00e9bats, d\u2019\u00e9changes et de production d\u2019id\u00e9es et de projets pour servir<br \/>l\u2019\u0153uvre de modernisation, de d\u00e9mocratisation et de progr\u00e8s du pays.<\/p>\n<p>Une telle initiative n\u2019a rien \u00e0 voir avec les pr\u00e9paratifs \u00e9lectoraux. A travers cette ancienne id\u00e9e, l\u2019on aspire \u00e0 ce que toutes les bonnes volont\u00e9s se prennent en charge pour f\u00e9d\u00e9rer leurs \u00e9nergies et animer le d\u00e9bat pour mieux servir la d\u00e9mocratie, les int\u00e9r\u00eats du<br \/>pays et son avenir, a d\u2019embl\u00e9e soulign\u00e9 le SG du PPS, qui a exprim\u00e9 ses regrets devant la d\u00e9mission des intellectuels.<\/p>\n<p>Lui r\u00e9pondant, Salah El Ouadie a convenu que le pays a effectivement besoin d\u2019une force moderniste, en particulier en cette p\u00e9riode de flottement. C\u2019est ce que pr\u00f4ne d\u2019ailleurs le mouvement Damir dans ses textes fondateurs, a-t-il rappel\u00e9.<\/p>\n<p>Un riche d\u00e9bat a sanctionn\u00e9 cette rencontre avec la participation des membres des deux d\u00e9l\u00e9gations, qui a port\u00e9 sur divers sujets et les perspectives d\u2019avenir dans le pays.<\/p>\n<p>Auteur: M&rsquo;hammed rahal<br \/>\n<a href=\"http:\/\/albayane.press.ma\/le-pps-accueille-lassociation-damir.html\">Cliquez ici pour lire l&rsquo;article depuis sa source.<\/a><\/p>\n","protected":false},"excerpt":{"rendered":"<p>Concertations pour un mouvement citoyen M\u2019Barek Tafsi Le Secr\u00e9taire G\u00e9n\u00e9ral du Parti du Progr\u00e8s et du Socialisme, Mohammed Nabil Benabdallah, accompagn\u00e9 des membres du bureau politique, Touria Skalli, Charafat afailal, Karim Taj et Azzouz Senhaji a re\u00e7u, jeudi soir au si\u00e8ge national du parti, une d\u00e9l\u00e9gation du mouvement \u00abDAMIR\u00bb, compos\u00e9e du pr\u00e9sident du collectif Salah [&hellip;]<\/p>\n","protected":false},"author":1760,"featured_media":93394,"comment_status":"closed","ping_status":"closed","sticky":false,"template":"","format":"standard","meta":{"fifu_image_url":"","fifu_image_alt":"","footnotes":""},"categories":[73,54],"tags":[],"class_list":["post-93393","post","type-post","status-publish","format-standard","has-post-thumbnail","hentry","category-actualite","category-maroc"],"_links":{"self":[{"href":"https:\/\/linitiative.ca\/International\/wp-json\/wp\/v2\/posts\/93393","targetHints":{"allow":["GET"]}}],"collection":[{"href":"https:\/\/linitiative.ca\/International\/wp-json\/wp\/v2\/posts"}],"about":[{"href":"https:\/\/linitiative.ca\/International\/wp-json\/wp\/v2\/types\/post"}],"author":[{"embeddable":true,"href":"https:\/\/linitiative.ca\/International\/wp-json\/wp\/v2\/users\/1760"}],"replies":[{"embeddable":true,"href":"https:\/\/linitiative.ca\/International\/wp-json\/wp\/v2\/comments?post=93393"}],"version-history":[{"count":0,"href":"https:\/\/linitiative.ca\/International\/wp-json\/wp\/v2\/posts\/93393\/revisions"}],"wp:featuredmedia":[{"embeddable":true,"href":"https:\/\/linitiative.ca\/International\/wp-json\/"}],"wp:attachment":[{"href":"https:\/\/linitiative.ca\/International\/wp-json\/wp\/v2\/media?parent=93393"}],"wp:term":[{"taxonomy":"category","embeddable":true,"href":"https:\/\/linitiative.ca\/International\/wp-json\/wp\/v2\/categories?post=93393"},{"taxonomy":"post_tag","embeddable":true,"href":"https:\/\/linitiative.ca\/International\/wp-json\/wp\/v2\/tags?post=93393"}],"curies":[{"name":"wp","href":"https:\/\/api.w.org\/{rel}","templated":true}]}}