{"id":93395,"date":"2020-07-24T10:38:51","date_gmt":"2020-07-24T14:38:51","guid":{"rendered":"https:\/\/linitiative.ca\/International\/%ef%bb%bfquel-plan-de-relance-post-covid-19\/"},"modified":"2020-07-24T10:38:51","modified_gmt":"2020-07-24T14:38:51","slug":"%ef%bb%bfquel-plan-de-relance-post-covid-19","status":"publish","type":"post","link":"https:\/\/linitiative.ca\/International\/%ef%bb%bfquel-plan-de-relance-post-covid-19\/","title":{"rendered":"\ufeffQuel plan de relance post-Covid-19?"},"content":{"rendered":"<p class=\"has-text-color has-vivid-red-color c2\"><strong>Secteur culturel<\/strong><\/p>\n<p class=\"c3\"><strong>Mohamed Nait Youssef<\/strong><\/p>\n<p class=\"has-text-color c4\"><strong>Une p\u00e9riode difficile. Une impasse. Aux temps de la pand\u00e9mie, l\u2019\u00e9cosyst\u00e8me de la cr\u00e9ation et de la production culturelle au Maroc a \u00e9t\u00e9 profond\u00e9ment\u00a0 impact\u00e9 par la crise in\u00e9dite et sans pr\u00e9c\u00e9dent ayant d\u00e9cim\u00e9 les quarte coins du monde. Fragilis\u00e9 \u00e0 cause de la Covid-19, le secteur des industries culturelles, cr\u00e9atives (ICC) a \u00e9t\u00e9 le premier \u00e0 \u00eatre touch\u00e9 par Coronavirus.<\/strong><\/p>\n<p>En effet, suite aux mesures pr\u00e9ventives prises par le gouvernement marocain pour stopper la propagation de la pand\u00e9mie, de nombreuses manifestations artistiques et culturelles ont \u00e9t\u00e9 report\u00e9es, des festivals ont \u00e9t\u00e9 annul\u00e9s, des th\u00e9\u00e2tres et des salles de cin\u00e9ma ont \u00e9t\u00e9 ferm\u00e9s et des projets ajourn\u00e9s\u2026 En gros, c\u2019est toute une cha\u00eene qui est mise \u00e0 genoux.<\/p>\n<p>Ainsi, selon les derniers chiffres de la F\u00e9d\u00e9ration des industries culturelles et cr\u00e9atives (FICC) de la CGEM, les pertes des industries culturelles et cr\u00e9atives sont estim\u00e9es \u00e0 2 milliards de dirhams, 100 000 emplois ont \u00e9t\u00e9 directement impact\u00e9s et 1100 entreprises ont accus\u00e9 70% de baisse de leur chiffre d\u2019affaires en moyenne. Des chiffres parlants voire alarmants invitant \u00e0 mener une r\u00e9flexion s\u00e9rieuse et profonde sur l\u2019avenir du secteur, sa r\u00e9forme et sa restructuration en cr\u00e9ant des synergies avec \u00a0les diff\u00e9rents professionnels du secteur et acteurs concern\u00e9s.<\/p>\n<p>D\u2019o\u00f9, \u00e0 priori, le d\u00e9veloppement des Industries cr\u00e9atives et culturelles et d\u2019une \u00e9conomie de la culture solide, la modernisation du secteur afin de r\u00e9pondre aux attentes par le renforcement de l\u2019arsenal juridique et se pencher sur les grands chantiers de la protection sociale des artistes et de la \u00a0digitalisation de la culture et des arts afin de donner plus de visibilit\u00e9 aux \u0153uvres et artistes marocains ici et ailleurs.<\/p>\n<p>Quel avenir alors pour les ICC apr\u00e8s la crise? Quel plan de relance post-Covid-19? Qu\u2019en est-il de la structuration\u00a0 du secteur des ICC dont les retomb\u00e9es seront b\u00e9n\u00e9fiques sur l\u2019\u00e9conomie nationale ? Peut-on r\u00e9fl\u00e9chir \u00e0 un nouveau mod\u00e8le culturel? Ce sont entre autres des questions d\u2019actualit\u00e9 auxquelles les professionnels essaient d\u2019y r\u00e9pondre dans le cadre de ce dossier.<\/p>\n<p>Auteur: M&rsquo;hammed rahal<br \/>\n<a href=\"http:\/\/albayane.press.ma\/%EF%BB%BFquel-plan-de-relance-post-covid-19.html\">Cliquez ici pour lire l&rsquo;article depuis sa source.<\/a><\/p>\n","protected":false},"excerpt":{"rendered":"<p>Secteur culturel Mohamed Nait Youssef Une p\u00e9riode difficile. Une impasse. Aux temps de la pand\u00e9mie, l\u2019\u00e9cosyst\u00e8me de la cr\u00e9ation et de la production culturelle au Maroc a \u00e9t\u00e9 profond\u00e9ment\u00a0 impact\u00e9 par la crise in\u00e9dite et sans pr\u00e9c\u00e9dent ayant d\u00e9cim\u00e9 les quarte coins du monde. Fragilis\u00e9 \u00e0 cause de la Covid-19, le secteur des industries culturelles, [&hellip;]<\/p>\n","protected":false},"author":1760,"featured_media":0,"comment_status":"closed","ping_status":"closed","sticky":false,"template":"","format":"standard","meta":{"fifu_image_url":"","fifu_image_alt":"","footnotes":""},"categories":[73,54],"tags":[],"class_list":["post-93395","post","type-post","status-publish","format-standard","hentry","category-actualite","category-maroc"],"_links":{"self":[{"href":"https:\/\/linitiative.ca\/International\/wp-json\/wp\/v2\/posts\/93395","targetHints":{"allow":["GET"]}}],"collection":[{"href":"https:\/\/linitiative.ca\/International\/wp-json\/wp\/v2\/posts"}],"about":[{"href":"https:\/\/linitiative.ca\/International\/wp-json\/wp\/v2\/types\/post"}],"author":[{"embeddable":true,"href":"https:\/\/linitiative.ca\/International\/wp-json\/wp\/v2\/users\/1760"}],"replies":[{"embeddable":true,"href":"https:\/\/linitiative.ca\/International\/wp-json\/wp\/v2\/comments?post=93395"}],"version-history":[{"count":0,"href":"https:\/\/linitiative.ca\/International\/wp-json\/wp\/v2\/posts\/93395\/revisions"}],"wp:attachment":[{"href":"https:\/\/linitiative.ca\/International\/wp-json\/wp\/v2\/media?parent=93395"}],"wp:term":[{"taxonomy":"category","embeddable":true,"href":"https:\/\/linitiative.ca\/International\/wp-json\/wp\/v2\/categories?post=93395"},{"taxonomy":"post_tag","embeddable":true,"href":"https:\/\/linitiative.ca\/International\/wp-json\/wp\/v2\/tags?post=93395"}],"curies":[{"name":"wp","href":"https:\/\/api.w.org\/{rel}","templated":true}]}}