{"id":93403,"date":"2020-07-23T18:38:38","date_gmt":"2020-07-23T22:38:38","guid":{"rendered":"https:\/\/linitiative.ca\/International\/session-de-formation-en-faveur-des-services-administratifs-de-luca\/"},"modified":"2020-07-23T18:38:38","modified_gmt":"2020-07-23T22:38:38","slug":"session-de-formation-en-faveur-des-services-administratifs-de-luca","status":"publish","type":"post","link":"https:\/\/linitiative.ca\/International\/session-de-formation-en-faveur-des-services-administratifs-de-luca\/","title":{"rendered":"Session de formation en faveur des services administratifs de l\u2019UCA"},"content":{"rendered":"<div class=\"single-featured\"><img alt=\"\" data-src=\"http:\/\/www.mapmarrakech.ma\/map\/uploads\/2020\/07\/UCA-formation-copier.jpg\"\/><\/div>\n<div class=\"single-post-excerpt post-excerpt-bc\" readability=\"36\">\n<p>Marrakech \u2013 Une session de formation est organis\u00e9e du 23 au 25 juillet \u00e0 l\u2019Universit\u00e9 Cadi Ayyad (UCA) de Marrakech au profit des services administratifs li\u00e9s au Centre de l\u2019Enseignement Inclusif et de la Responsabilit\u00e9 Sociale (CEIRS-UCA), apr\u00e8s celles tenues aux universit\u00e9s Mohammed V et Ibn Tofa\u00efl.<\/p>\n<\/div>\n<div class=\"entry-content clearfix single-post-content\" readability=\"67\">\n<p>Selon un communiqu\u00e9 de l\u2019UCA, le th\u00e8me de cette session, qui vise l\u2019accompagnement, l\u2019information et l\u2019orientation des \u00e9tudiants \u00e0 besoins sp\u00e9cifiques relevant de cet \u00e9tablissement universitaire, porte sur le renforcement des capacit\u00e9s des cadres des services administratifs concern\u00e9s par la formation dans les universit\u00e9s marocaines au sujet des nouvelles pratiques inclusives relatives aux \u00e9tudiants en situation de handicap.<\/p>\n<p>Cette session est encadr\u00e9e par un parterre d\u2019experts dans le domaine de la facilitation de l\u2019inclusion universitaire dans ses dimensions des droits de l\u2019Homme, acad\u00e9mique, psychologique, sociale et fonctionnelle.<\/p>\n<p>Elle s\u2019inscrit dans le cadre de la convention de partenariat liant le minist\u00e8re de la Solidarit\u00e9, du D\u00e9veloppement social, de l\u2019Egalit\u00e9 et de la Famille et le R\u00e9seau Universitaire Marocain pour l\u2019Enseignement Inclusif (RUMI) dans la perspective de la g\u00e9n\u00e9ralisation de formations similaires aux autres universit\u00e9s marocaines partenaires, pr\u00e9cise le communiqu\u00e9.<\/p>\n<p>Le RUMI se veut le prolongement d\u2019un projet de coop\u00e9ration maroco-europ\u00e9en (Tempus) auquel ont adh\u00e9r\u00e9 neuf universit\u00e9s marocaines et plusieurs \u00e9tablissements universitaires europ\u00e9ens partenaires.<\/p>\n<p>Le R\u00e9seau oeuvre, dans le cadre de la convention de partenariat conclue avec le minist\u00e8re de la Solidarit\u00e9, du D\u00e9veloppement social, de l\u2019Egalit\u00e9 et de la Famille, \u00e0 la mise en \u0153uvre d\u2019un programme d\u2019action ambitieux ayant pour objectif la r\u00e9union des conditions de l\u2019inclusion universitaire et de l\u2019\u00e9quit\u00e9 en faveur des \u00e9tudiants en situation de handicap au sein des universit\u00e9s marocaines.<\/p>\n<\/div>\n<p>Auteur: Meriem IGASS<br \/>\n<a href=\"http:\/\/www.mapmarrakech.ma\/fr\/session-de-formation-en-faveur-des-services-administratifs-de-luca\/\">Cliquez ici pour lire l&rsquo;article depuis sa source.<\/a><\/p>\n","protected":false},"excerpt":{"rendered":"<p>Marrakech \u2013 Une session de formation est organis\u00e9e du 23 au 25 juillet \u00e0 l\u2019Universit\u00e9 Cadi Ayyad (UCA) de Marrakech au profit des services administratifs li\u00e9s au Centre de l\u2019Enseignement Inclusif et de la Responsabilit\u00e9 Sociale (CEIRS-UCA), apr\u00e8s celles tenues aux universit\u00e9s Mohammed V et Ibn Tofa\u00efl. Selon un communiqu\u00e9 de l\u2019UCA, le th\u00e8me de [&hellip;]<\/p>\n","protected":false},"author":1788,"featured_media":93404,"comment_status":"closed","ping_status":"closed","sticky":false,"template":"","format":"standard","meta":{"fifu_image_url":"","fifu_image_alt":"","footnotes":""},"categories":[54,76],"tags":[],"class_list":["post-93403","post","type-post","status-publish","format-standard","has-post-thumbnail","hentry","category-maroc","category-regions"],"_links":{"self":[{"href":"https:\/\/linitiative.ca\/International\/wp-json\/wp\/v2\/posts\/93403","targetHints":{"allow":["GET"]}}],"collection":[{"href":"https:\/\/linitiative.ca\/International\/wp-json\/wp\/v2\/posts"}],"about":[{"href":"https:\/\/linitiative.ca\/International\/wp-json\/wp\/v2\/types\/post"}],"author":[{"embeddable":true,"href":"https:\/\/linitiative.ca\/International\/wp-json\/wp\/v2\/users\/1788"}],"replies":[{"embeddable":true,"href":"https:\/\/linitiative.ca\/International\/wp-json\/wp\/v2\/comments?post=93403"}],"version-history":[{"count":0,"href":"https:\/\/linitiative.ca\/International\/wp-json\/wp\/v2\/posts\/93403\/revisions"}],"wp:featuredmedia":[{"embeddable":true,"href":"https:\/\/linitiative.ca\/International\/wp-json\/"}],"wp:attachment":[{"href":"https:\/\/linitiative.ca\/International\/wp-json\/wp\/v2\/media?parent=93403"}],"wp:term":[{"taxonomy":"category","embeddable":true,"href":"https:\/\/linitiative.ca\/International\/wp-json\/wp\/v2\/categories?post=93403"},{"taxonomy":"post_tag","embeddable":true,"href":"https:\/\/linitiative.ca\/International\/wp-json\/wp\/v2\/tags?post=93403"}],"curies":[{"name":"wp","href":"https:\/\/api.w.org\/{rel}","templated":true}]}}