{"id":93407,"date":"2020-07-24T13:18:09","date_gmt":"2020-07-24T17:18:09","guid":{"rendered":"https:\/\/linitiative.ca\/International\/campagne-de-sensibilisation-contre-la-propagation-de-la-covid-19\/"},"modified":"2020-07-24T13:18:09","modified_gmt":"2020-07-24T17:18:09","slug":"campagne-de-sensibilisation-contre-la-propagation-de-la-covid-19","status":"publish","type":"post","link":"https:\/\/linitiative.ca\/International\/campagne-de-sensibilisation-contre-la-propagation-de-la-covid-19\/","title":{"rendered":"Campagne de sensibilisation contre la propagation de la Covid-19"},"content":{"rendered":"<div readability=\"34\">\n<p>Essaouira \u2013 Une campagne de sensibilisation et de conscientisation sur l\u2019importance de la pr\u00e9vention et de la lutte contre la propagation de la pand\u00e9mie du nouveau coronavirus (Covid-19) a \u00e9t\u00e9 lanc\u00e9e au cours de cette semaine \u00e0 Essaouira.<\/p>\n<\/div>\n<div readability=\"102\">\n<p>Initi\u00e9e par l\u2019Association \u00ab\u00a0Tarik Lkhir\u00a0\u00bb en coordination avec les autorit\u00e9s locales, cette action citoyenne de deux semaines vise \u00e0 sensibiliser les habitants de la Cit\u00e9 des Aliz\u00e9s et ses visiteurs aux risques li\u00e9s \u00e0 la Covid-19 et aux bons gestes \u00e0 adopter pour enrayer sa propagation.<\/p>\n<p>Cette campagne, qui intervient dans le sillage des actions et op\u00e9rations men\u00e9es \u00e0 l\u2019\u00e9chelle locale pour appuyer les autorit\u00e9s publiques et sanitaires de la ville dans leur bataille quotidienne et sans r\u00e9pit contre cette pand\u00e9mie, se veut un appel solennel aux citoyens \u00e0 respecter les mesures pr\u00e9ventives \u00e9dict\u00e9es par les autorit\u00e9s pour \u00e9viter tout risque de contamination ou d\u2019infection et pr\u00e9server la s\u00e9curit\u00e9 sanitaire de tout un chacun.<\/p>\n<p>Ainsi, des jeunes de l\u2019Association, \u00e9quip\u00e9s de hauts parleurs, sillonnent les art\u00e8res et rues de la ville, notamment l\u2019ancienne m\u00e9dina qui conna\u00eet une grande activit\u00e9 et affluence le long de la journ\u00e9e, afin d\u2019alerter les citoyens sur les risques qu\u2019ils encourent en cas de non respect des mesures de pr\u00e9caution en cette conjoncture si particuli\u00e8re que traverse le Royaume et de les appeler \u00e0 ne pas sous-estimer la gravit\u00e9 de ce virus aux effets d\u00e9vastateurs.<\/p>\n<p>Dans une d\u00e9claration \u00e0 la MAP \u00e0 cette occasion, M. Mohamed Jmoud, membre de l\u2019Association, a indiqu\u00e9 que ces campagnes constituent un moyen efficace pour mieux sensibiliser les citoyens afin qu\u2019ils prennent conscience du danger et des risques auxquels ils s\u2019exposent en cas de non respect strict des mesures sanitaires d\u00e9cr\u00e9t\u00e9es par les autorit\u00e9s pour la lutte contre la propagation de la Covid-19.<\/p>\n<p>A travers cette campagne, les membres de l\u2019Association \u00ab\u00a0Tarki Lkhir\u00a0\u00bb veillent \u00e0 diffuser des messages destin\u00e9s, d\u2019une part, \u00e0 inciter les gens \u00e0 se conformer aux consignes et directives des autorit\u00e9s comp\u00e9tentes et, d\u2019autre part, \u00e0 expliquer les m\u00e9thodes de pr\u00e9vention \u00e0 suivre, notamment le port obligatoire du masque de protection, la distanciation physique et le lavage ou la d\u00e9sinfection r\u00e9guli\u00e8re des mains avec du savon ou des solutions hydro-alcooliques et ce, pour le bien de l\u2019ensemble de la population, a-t-il poursuivi.<\/p>\n<p>\u00ab\u00a0Les Souiris doivent savoir que la bataille contre le nouveau coronavirus se poursuit toujours. Malgr\u00e9 le d\u00e9confinement, la prudence et la vigilance doivent \u00eatre de mise pour se pr\u00e9munir contre toute contamination ou infection, surtout avec l\u2019arriv\u00e9e de visiteurs dans la ville\u00a0\u00bb, a-t-il soutenu.<\/p>\n<p>Il a affirm\u00e9, dans ce cadre, que \u00ab\u00a0la situation d\u00e9licate actuelle ne tol\u00e8re aucun rel\u00e2chement ou d\u00e9sinvolture de la part des citoyens qui doivent faire preuve d\u2019un haut degr\u00e9 de responsabilit\u00e9 et d\u2019une grande prise de conscience\u00a0\u00bb.<\/p>\n<p>\u00ab\u00a0Le respect de l\u2019ensemble de ces mesures pr\u00e9ventives et sanitaires contribuera \u00e0 prot\u00e9ger et \u00e0 pr\u00e9server nos propres vies et celles des autres\u00a0\u00bb, a conclu M. Jmoud.<\/p>\n<p>Cr\u00e9\u00e9e le 1er octobre 2015 par de jeunes Souiris, l\u2019Association \u00ab\u00a0Tarik Lkhir\u00a0\u00bb s\u2019assigne pour principaux objectifs notamment de raviver l\u2019esprit de solidarit\u00e9 et d\u2019entraide au sein de la soci\u00e9t\u00e9, de contribuer \u00e0 des actions de bienfaisance et de b\u00e9n\u00e9volat, de rehausser et valoriser l\u2019esprit de volontariat parmi la jeunesse, de promouvoir les valeurs d\u2019entente et de tol\u00e9rance et de tisser des partenariats avec les secteurs public et priv\u00e9 pour mener des actions conjointes dans divers domaines.<\/p>\n<\/div>\n<p>Auteur: Meriem IGASS<br \/>\n<a href=\"http:\/\/www.mapmarrakech.ma\/fr\/campagne-de-sensibilisation-contre-la-propagation-de-la-covid-19\/\">Cliquez ici pour lire l&rsquo;article depuis sa source.<\/a><\/p>\n","protected":false},"excerpt":{"rendered":"<p>Essaouira \u2013 Une campagne de sensibilisation et de conscientisation sur l\u2019importance de la pr\u00e9vention et de la lutte contre la propagation de la pand\u00e9mie du nouveau coronavirus (Covid-19) a \u00e9t\u00e9 lanc\u00e9e au cours de cette semaine \u00e0 Essaouira. Initi\u00e9e par l\u2019Association \u00ab\u00a0Tarik Lkhir\u00a0\u00bb en coordination avec les autorit\u00e9s locales, cette action citoyenne de deux semaines [&hellip;]<\/p>\n","protected":false},"author":1788,"featured_media":0,"comment_status":"closed","ping_status":"closed","sticky":false,"template":"","format":"standard","meta":{"fifu_image_url":"","fifu_image_alt":"","footnotes":""},"categories":[54,76],"tags":[],"class_list":["post-93407","post","type-post","status-publish","format-standard","hentry","category-maroc","category-regions"],"_links":{"self":[{"href":"https:\/\/linitiative.ca\/International\/wp-json\/wp\/v2\/posts\/93407","targetHints":{"allow":["GET"]}}],"collection":[{"href":"https:\/\/linitiative.ca\/International\/wp-json\/wp\/v2\/posts"}],"about":[{"href":"https:\/\/linitiative.ca\/International\/wp-json\/wp\/v2\/types\/post"}],"author":[{"embeddable":true,"href":"https:\/\/linitiative.ca\/International\/wp-json\/wp\/v2\/users\/1788"}],"replies":[{"embeddable":true,"href":"https:\/\/linitiative.ca\/International\/wp-json\/wp\/v2\/comments?post=93407"}],"version-history":[{"count":0,"href":"https:\/\/linitiative.ca\/International\/wp-json\/wp\/v2\/posts\/93407\/revisions"}],"wp:attachment":[{"href":"https:\/\/linitiative.ca\/International\/wp-json\/wp\/v2\/media?parent=93407"}],"wp:term":[{"taxonomy":"category","embeddable":true,"href":"https:\/\/linitiative.ca\/International\/wp-json\/wp\/v2\/categories?post=93407"},{"taxonomy":"post_tag","embeddable":true,"href":"https:\/\/linitiative.ca\/International\/wp-json\/wp\/v2\/tags?post=93407"}],"curies":[{"name":"wp","href":"https:\/\/api.w.org\/{rel}","templated":true}]}}