{"id":93413,"date":"2020-07-23T19:37:58","date_gmt":"2020-07-23T23:37:58","guid":{"rendered":"https:\/\/linitiative.ca\/International\/le-numerique-theme-de-la-1ere-e-universite-dete-de-lump\/"},"modified":"2020-07-23T19:37:58","modified_gmt":"2020-07-23T23:37:58","slug":"le-numerique-theme-de-la-1ere-e-universite-dete-de-lump","status":"publish","type":"post","link":"https:\/\/linitiative.ca\/International\/le-numerique-theme-de-la-1ere-e-universite-dete-de-lump\/","title":{"rendered":"Le num\u00e9rique, th\u00e8me de la 1\u00e8re e-Universit\u00e9 d\u2019\u00e9t\u00e9 de l\u2019UMP"},"content":{"rendered":"<p class=\"c4\">L\u2019Universit\u00e9 Mohammed Premier (UMP) d\u2019Oujda a organis\u00e9, les 22 et 23 juillet, la premi\u00e8re \u00e9dition de son e-Universit\u00e9 d\u2019\u00e9t\u00e9, plac\u00e9e sous le th\u00e8me \u00abLe num\u00e9rique au service de l\u2019enseignement et du d\u00e9veloppement\u00bb.<\/p>\n<p class=\"c4\">Cette manifestation, organis\u00e9e par visioconf\u00e9rence avec la participation d\u2019un parterre de responsables universitaires, professeurs et chercheurs marocains et \u00e9trangers, constitue un espace de partage et de r\u00e9flexion sur les exp\u00e9riences et les r\u00e9alisations dans le domaine du digital p\u00e9dagogique et sur les perspectives idoines pour favoriser et acc\u00e9l\u00e9rer le processus d\u2019implantation des TICE, indique un document de l\u2019UMP.<\/p>\n<p class=\"c4\">Les participants ont d\u00e9battu des moyens d\u2019optimaliser leurs usages et institutionnaliser juridiquement la formation \u00e0 distance dispens\u00e9e dans les universit\u00e9s, notamment l\u2019UMP, afin de lui permettre de mieux se positionner dans les \u00e9changes des savoirs et des exp\u00e9riences enseignement\/apprentissage et am\u00e9liorer la qualit\u00e9 des formations, en plus d\u2019atteindre un public plus large dans la r\u00e9gion et \u00e0 l\u2019\u00e9chelle nationale et internationale.<\/p>\n<p class=\"c4\">Le but \u00e9tant de renforcer le statut de l\u2019UMP en tant que locomotive de la r\u00e9gion de l\u2019Oriental et contribuer aussi au d\u00e9veloppement du Maroc, affirment les organisateurs.<\/p>\n<p class=\"c4\">Le document rel\u00e8ve que le domaine de la formation (fondamentale, professionnelle et continue) conna\u00eet une mutation rapide et sans pr\u00e9c\u00e9dent en raison du flux libre et massif de l\u2019information et de la connaissance entre tous les points du globe.<\/p>\n<p class=\"c4\">\u00abLe Maroc est conscient de la n\u00e9cessit\u00e9 de s\u2019approprier les TIC dans les diff\u00e9rents domaines de la vie pour un meilleur d\u00e9veloppement. Il a notamment pari\u00e9 sur la promotion de l\u2019int\u00e9gration des TIC dans l\u2019enseignement: il s\u2019agit du levier 10 de la Charte nationale de l\u2019\u00e9ducation et de la formation\u00bb, souligne l\u2019UMP.<\/p>\n<p class=\"c4\">Et d\u2019ajouter que la formation \u00e0 distance (notamment professionnelle et continue) a r\u00e9alis\u00e9 des avanc\u00e9es remarquables au Maroc ; en sont la preuve les diff\u00e9rents dipl\u00f4mes d\u00e9livr\u00e9s par les \u00e9tablissements universitaires marocains.<\/p>\n<p class=\"c4\">Cependant, il s\u2019av\u00e8re d\u2019une extr\u00eame importance de mettre en place un cadre institutionnel et juridique, prospectif, qui favorise ce type de formation \u00e0 distance et \u00e9tablit et valorise ses dipl\u00f4mes, note le document.<\/p>\n<p>Auteur: Soufiane ELAHMAR<br \/>\n<a href=\"http:\/\/www.mapoujda.ma\/fr\/le-numerique-theme-de-la-1ere-e-universite-dete-de-lump\/\">Cliquez ici pour lire l&rsquo;article depuis sa source.<\/a><\/p>\n","protected":false},"excerpt":{"rendered":"<p>L\u2019Universit\u00e9 Mohammed Premier (UMP) d\u2019Oujda a organis\u00e9, les 22 et 23 juillet, la premi\u00e8re \u00e9dition de son e-Universit\u00e9 d\u2019\u00e9t\u00e9, plac\u00e9e sous le th\u00e8me \u00abLe num\u00e9rique au service de l\u2019enseignement et du d\u00e9veloppement\u00bb. Cette manifestation, organis\u00e9e par visioconf\u00e9rence avec la participation d\u2019un parterre de responsables universitaires, professeurs et chercheurs marocains et \u00e9trangers, constitue un espace de [&hellip;]<\/p>\n","protected":false},"author":1788,"featured_media":0,"comment_status":"closed","ping_status":"closed","sticky":false,"template":"","format":"standard","meta":{"fifu_image_url":"","fifu_image_alt":"","footnotes":""},"categories":[54,76],"tags":[],"class_list":["post-93413","post","type-post","status-publish","format-standard","hentry","category-maroc","category-regions"],"_links":{"self":[{"href":"https:\/\/linitiative.ca\/International\/wp-json\/wp\/v2\/posts\/93413","targetHints":{"allow":["GET"]}}],"collection":[{"href":"https:\/\/linitiative.ca\/International\/wp-json\/wp\/v2\/posts"}],"about":[{"href":"https:\/\/linitiative.ca\/International\/wp-json\/wp\/v2\/types\/post"}],"author":[{"embeddable":true,"href":"https:\/\/linitiative.ca\/International\/wp-json\/wp\/v2\/users\/1788"}],"replies":[{"embeddable":true,"href":"https:\/\/linitiative.ca\/International\/wp-json\/wp\/v2\/comments?post=93413"}],"version-history":[{"count":0,"href":"https:\/\/linitiative.ca\/International\/wp-json\/wp\/v2\/posts\/93413\/revisions"}],"wp:attachment":[{"href":"https:\/\/linitiative.ca\/International\/wp-json\/wp\/v2\/media?parent=93413"}],"wp:term":[{"taxonomy":"category","embeddable":true,"href":"https:\/\/linitiative.ca\/International\/wp-json\/wp\/v2\/categories?post=93413"},{"taxonomy":"post_tag","embeddable":true,"href":"https:\/\/linitiative.ca\/International\/wp-json\/wp\/v2\/tags?post=93413"}],"curies":[{"name":"wp","href":"https:\/\/api.w.org\/{rel}","templated":true}]}}