{"id":93416,"date":"2020-07-24T10:57:41","date_gmt":"2020-07-24T14:57:41","guid":{"rendered":"https:\/\/linitiative.ca\/International\/tractations-tous-azimuts\/"},"modified":"2020-07-24T10:57:41","modified_gmt":"2020-07-24T14:57:41","slug":"tractations-tous-azimuts","status":"publish","type":"post","link":"https:\/\/linitiative.ca\/International\/tractations-tous-azimuts\/","title":{"rendered":"Tractations tous azimuts"},"content":{"rendered":"<p class=\"p1 c4\"><span class=\"c3\"><span class=\"s1 c2\"><strong>LE TEMPS \u2013 Faouzi SNOUSSI<\/strong><\/span><\/span><\/p>\n<p class=\"p2 c5\"><span class=\"c3\">Les partis politiques ont engag\u00e9, hier \u2013date fix\u00e9e par le pr\u00e9sident de la r\u00e9publique pour lui remettre la liste des candidats \u00e0 la Primature-, une course contre la montre pour les choix des candidats qui ont le plus de chance de former le gouvernement. Certes, l\u2019\u0153uvre n\u2019est pas ais\u00e9e, en raison de l\u2019\u00e9parpillement des forces en pr\u00e9sence, \u00e0 l\u2019Assembl\u00e9e des repr\u00e9sentants du peuple (ARP) et les derniers d\u00e9veloppements sur la sc\u00e8ne politique.<\/span><\/p>\n<p class=\"p2 c5\"><span class=\"c3\">Lass\u00e9 par les coups de boutoir que tente de lui ass\u00e9ner le mouvement islamiste Ennahdha, Ka\u00efs Sa\u00efed a accept\u00e9, enfin, de chercher \u00e0 mettre de l\u2019ordre dans la maison, privil\u00e9giant l\u2019int\u00e9r\u00eat du pays, ce que certaines parties ne mettent pas sur leur calendrier.<\/span><\/p>\n<p class=\"p2 c5\"><span class=\"c3\">Ce sont des tractations au finish qui sont engag\u00e9es, avec une odeur de surprises en l\u2019air et des coalitions qui se font et se d\u00e9font, au gr\u00e9 des heures qui passent.<\/span><\/p>\n<p class=\"p2 c5\"><span class=\"c3\">Tout d\u2019abord, une certaine tension r\u00e8gne dans le groupe Ennahdha\/Qalb Toun\u00e8s\/Al Mostakbal\/ Al Karama, apr\u00e8s les d\u00e9claration de Samir Dilou qui a affirm\u00e9 que le bloc de Seifeddine Makhlouf \u00ab n\u2019est pas un alli\u00e9 d\u2019avenir \u00bb\u2026 et ce dernier a r\u00e9pliqu\u00e9 en quittant la coalition, affirmant qu\u2019il n\u2019est plus int\u00e9ress\u00e9 par la pr\u00e9sentation d\u2019une candidature.<\/span><\/p>\n<p class=\"p2 c5\"><span class=\"c3\">Il y a, aussi, Le Parti destourien libre (PDL) dont la pr\u00e9sidente Abir Moussi a d\u00e9clar\u00e9, pour sa part, que son parti ne pr\u00e9sentera pas de candidat.<\/span><\/p>\n<p class=\"p2 c5\"><span class=\"c3\">Toutes les forces sont en rangs dispers\u00e9s. Certains ont choisi des noms qui reviennent sur la sc\u00e8ne, chaque fois qu\u2019on va former un gouvernement. Mais, rien n\u2019est clair, surtout que le candidat \u00e0 choisir ne doit pas faillir dans sa mission et qu\u2019il doit, surtout, recueillir une majorit\u00e9 qui lui permette d\u2019obtenir la confiance de l\u2019ARP, ce qui n\u2019est pas acquis d\u2019avance, avec toutes les cons\u00e9quences qu\u2019on connait, en cas d\u2019\u00e9chec.<\/span><\/p>\n<p class=\"p3 c6\"><span class=\"c3\"><strong>F.S.<\/strong><\/span><\/p>\n<p>Auteur: letemps1<br \/>\n<a href=\"http:\/\/www.letemps.com.tn\/article\/115892\/tractations-tous-azimuts\">Cliquez ici pour lire l&rsquo;article depuis sa source.<\/a><\/p>\n","protected":false},"excerpt":{"rendered":"<p>LE TEMPS \u2013 Faouzi SNOUSSI Les partis politiques ont engag\u00e9, hier \u2013date fix\u00e9e par le pr\u00e9sident de la r\u00e9publique pour lui remettre la liste des candidats \u00e0 la Primature-, une course contre la montre pour les choix des candidats qui ont le plus de chance de former le gouvernement. Certes, l\u2019\u0153uvre n\u2019est pas ais\u00e9e, en [&hellip;]<\/p>\n","protected":false},"author":1773,"featured_media":0,"comment_status":"closed","ping_status":"closed","sticky":false,"template":"","format":"standard","meta":{"fifu_image_url":"","fifu_image_alt":"","footnotes":""},"categories":[73,55],"tags":[],"class_list":["post-93416","post","type-post","status-publish","format-standard","hentry","category-actualite","category-tunisie"],"_links":{"self":[{"href":"https:\/\/linitiative.ca\/International\/wp-json\/wp\/v2\/posts\/93416","targetHints":{"allow":["GET"]}}],"collection":[{"href":"https:\/\/linitiative.ca\/International\/wp-json\/wp\/v2\/posts"}],"about":[{"href":"https:\/\/linitiative.ca\/International\/wp-json\/wp\/v2\/types\/post"}],"author":[{"embeddable":true,"href":"https:\/\/linitiative.ca\/International\/wp-json\/wp\/v2\/users\/1773"}],"replies":[{"embeddable":true,"href":"https:\/\/linitiative.ca\/International\/wp-json\/wp\/v2\/comments?post=93416"}],"version-history":[{"count":0,"href":"https:\/\/linitiative.ca\/International\/wp-json\/wp\/v2\/posts\/93416\/revisions"}],"wp:attachment":[{"href":"https:\/\/linitiative.ca\/International\/wp-json\/wp\/v2\/media?parent=93416"}],"wp:term":[{"taxonomy":"category","embeddable":true,"href":"https:\/\/linitiative.ca\/International\/wp-json\/wp\/v2\/categories?post=93416"},{"taxonomy":"post_tag","embeddable":true,"href":"https:\/\/linitiative.ca\/International\/wp-json\/wp\/v2\/tags?post=93416"}],"curies":[{"name":"wp","href":"https:\/\/api.w.org\/{rel}","templated":true}]}}