{"id":93418,"date":"2020-07-24T15:13:08","date_gmt":"2020-07-24T19:13:08","guid":{"rendered":"https:\/\/linitiative.ca\/International\/pros-liverpool-les-reds-interesses-par-mandi\/"},"modified":"2020-07-24T15:13:08","modified_gmt":"2020-07-24T19:13:08","slug":"pros-liverpool-les-reds-interesses-par-mandi","status":"publish","type":"post","link":"https:\/\/linitiative.ca\/International\/pros-liverpool-les-reds-interesses-par-mandi\/","title":{"rendered":"Pros : Liverpool: Les Reds int\u00e9ress\u00e9s par Mandi"},"content":{"rendered":"<div readability=\"32\">\n<p>Auteur : <span>Riad Ouenzar<\/span> <span class=\"time\">vendredi 24 juillet 2020 14:20<\/span><\/p>\n<\/div>\n<div id=\"post_core\" readability=\"40\">\n<p>A en croire le m\u00e9dia anglais, The Miror, la direction de Liverpool serait int\u00e9ress\u00e9e par le recrutement du d\u00e9fenseur Alg\u00e9rien du Real B\u00e9tis, Aissa Mandi. La m\u00eame source explique que l\u2019entra\u00eeneur des champions d\u2019Angleterre, J\u00fcrgen Klopp veut renforcer son secteur d\u00e9fensif et voit en Mandi le joueur capable d\u2019apporter un plus \u00e0 son team. Outre Liverpool, la formation de Newcastle serait \u00e9galement int\u00e9ress\u00e9e par le recrutement du joueur de l\u2019EN.<\/p>\n<p><strong>Publi\u00e9 dans :<\/strong> <span>Mandi<\/span><\/p>\n<\/div>\n<p>Auteur:<br \/>\n<a href=\"http:\/\/www.lebuteur.com\/article\/detail?titre=liverpool-les-reds-interesses-par-mandi&#038;id=96690&#038;utm_source=feedburner&#038;utm_medium=feed&#038;utm_campaign=Feed%3A+GalerieFArtciles+%28Les+derniers+articles++-+lebuteur.com%29\">Cliquez ici pour lire l&rsquo;article depuis sa source.<\/a><\/p>\n","protected":false},"excerpt":{"rendered":"<p>Auteur : Riad Ouenzar vendredi 24 juillet 2020 14:20 A en croire le m\u00e9dia anglais, The Miror, la direction de Liverpool serait int\u00e9ress\u00e9e par le recrutement du d\u00e9fenseur Alg\u00e9rien du Real B\u00e9tis, Aissa Mandi. La m\u00eame source explique que l\u2019entra\u00eeneur des champions d\u2019Angleterre, J\u00fcrgen Klopp veut renforcer son secteur d\u00e9fensif et voit en Mandi le [&hellip;]<\/p>\n","protected":false},"author":1738,"featured_media":93419,"comment_status":"closed","ping_status":"closed","sticky":false,"template":"","format":"standard","meta":{"fifu_image_url":"","fifu_image_alt":"","footnotes":""},"categories":[53,75],"tags":[],"class_list":["post-93418","post","type-post","status-publish","format-standard","has-post-thumbnail","hentry","category-algerie","category-sport"],"_links":{"self":[{"href":"https:\/\/linitiative.ca\/International\/wp-json\/wp\/v2\/posts\/93418","targetHints":{"allow":["GET"]}}],"collection":[{"href":"https:\/\/linitiative.ca\/International\/wp-json\/wp\/v2\/posts"}],"about":[{"href":"https:\/\/linitiative.ca\/International\/wp-json\/wp\/v2\/types\/post"}],"author":[{"embeddable":true,"href":"https:\/\/linitiative.ca\/International\/wp-json\/wp\/v2\/users\/1738"}],"replies":[{"embeddable":true,"href":"https:\/\/linitiative.ca\/International\/wp-json\/wp\/v2\/comments?post=93418"}],"version-history":[{"count":0,"href":"https:\/\/linitiative.ca\/International\/wp-json\/wp\/v2\/posts\/93418\/revisions"}],"wp:featuredmedia":[{"embeddable":true,"href":"https:\/\/linitiative.ca\/International\/wp-json\/"}],"wp:attachment":[{"href":"https:\/\/linitiative.ca\/International\/wp-json\/wp\/v2\/media?parent=93418"}],"wp:term":[{"taxonomy":"category","embeddable":true,"href":"https:\/\/linitiative.ca\/International\/wp-json\/wp\/v2\/categories?post=93418"},{"taxonomy":"post_tag","embeddable":true,"href":"https:\/\/linitiative.ca\/International\/wp-json\/wp\/v2\/tags?post=93418"}],"curies":[{"name":"wp","href":"https:\/\/api.w.org\/{rel}","templated":true}]}}