{"id":93420,"date":"2020-07-24T15:13:11","date_gmt":"2020-07-24T19:13:11","guid":{"rendered":"https:\/\/linitiative.ca\/International\/international-real-madrid-la-reponse-de-karim-benzema-a-noel-le-graet\/"},"modified":"2020-07-24T15:13:11","modified_gmt":"2020-07-24T19:13:11","slug":"international-real-madrid-la-reponse-de-karim-benzema-a-noel-le-graet","status":"publish","type":"post","link":"https:\/\/linitiative.ca\/International\/international-real-madrid-la-reponse-de-karim-benzema-a-noel-le-graet\/","title":{"rendered":"International : Real Madrid: la r\u00e9ponse de Karim Benzema \u00e0 No\u00ebl Le Gra\u00ebt"},"content":{"rendered":"<div readability=\"32\">\n<p>Auteur : <span class=\"time\">vendredi 24 juillet 2020 14:42<\/span><\/p>\n<\/div>\n<div id=\"post_core\" readability=\"42\">\n<p>\u00abIl a fait une saison exceptionnelle avec le Real, j&rsquo;ai d\u00e9j\u00e0 f\u00e9licit\u00e9 Zidane qui est son coach. Il fait partie aujourd&rsquo;hui, sur la saison qu&rsquo;il vient de r\u00e9aliser, des meilleurs joueurs. Le meilleur? Ce n&rsquo;est pas \u00e0 moi de juger parce que je n&rsquo;ai pas vu tous les matchs. Mais il a fait \u00e0 mon avis la meilleure saison de sa carri\u00e8re \u00bb. Voil\u00e0 ce qu\u2019indiquait le pr\u00e9sident de la FFF, No\u00ebl Le Gra\u00ebt dans une interview pour RMC Sport parue hier. La r\u00e9ponse de KB9 ne s\u2019est pas fait attendre . En effet, l\u2019attaquant du Real Madrid a r\u00e9pondu sur Twitter \u00e0 cette d\u00e9claration se contentant d\u2019un : \u00ab Je pr\u00e9f\u00e8re en rire \u00bb. Les heures ne sont donc pas \u00e0 la r\u00e9conciliation entre le patron de la 3F et l\u2019ancien attaquant des Bleus rapporte OnzeMondial.com.<\/p>\n<p><strong>Publi\u00e9 dans :<\/strong> <span>benzema<\/span> <span>No\u00ebl Le Gra\u00ebt<\/span><\/p>\n<\/div>\n<p>Auteur:<br \/>\n<a href=\"http:\/\/www.lebuteur.com\/article\/detail?titre=real-madrid-la-reponse-de-karim-benzema-a-noel-le-graet&#038;id=96691&#038;utm_source=feedburner&#038;utm_medium=feed&#038;utm_campaign=Feed%3A+GalerieFArtciles+%28Les+derniers+articles++-+lebuteur.com%29\">Cliquez ici pour lire l&rsquo;article depuis sa source.<\/a><\/p>\n","protected":false},"excerpt":{"rendered":"<p>Auteur : vendredi 24 juillet 2020 14:42 \u00abIl a fait une saison exceptionnelle avec le Real, j&rsquo;ai d\u00e9j\u00e0 f\u00e9licit\u00e9 Zidane qui est son coach. Il fait partie aujourd&rsquo;hui, sur la saison qu&rsquo;il vient de r\u00e9aliser, des meilleurs joueurs. Le meilleur? Ce n&rsquo;est pas \u00e0 moi de juger parce que je n&rsquo;ai pas vu tous les [&hellip;]<\/p>\n","protected":false},"author":1738,"featured_media":93421,"comment_status":"closed","ping_status":"closed","sticky":false,"template":"","format":"standard","meta":{"fifu_image_url":"","fifu_image_alt":"","footnotes":""},"categories":[53,75],"tags":[],"class_list":["post-93420","post","type-post","status-publish","format-standard","has-post-thumbnail","hentry","category-algerie","category-sport"],"_links":{"self":[{"href":"https:\/\/linitiative.ca\/International\/wp-json\/wp\/v2\/posts\/93420","targetHints":{"allow":["GET"]}}],"collection":[{"href":"https:\/\/linitiative.ca\/International\/wp-json\/wp\/v2\/posts"}],"about":[{"href":"https:\/\/linitiative.ca\/International\/wp-json\/wp\/v2\/types\/post"}],"author":[{"embeddable":true,"href":"https:\/\/linitiative.ca\/International\/wp-json\/wp\/v2\/users\/1738"}],"replies":[{"embeddable":true,"href":"https:\/\/linitiative.ca\/International\/wp-json\/wp\/v2\/comments?post=93420"}],"version-history":[{"count":0,"href":"https:\/\/linitiative.ca\/International\/wp-json\/wp\/v2\/posts\/93420\/revisions"}],"wp:featuredmedia":[{"embeddable":true,"href":"https:\/\/linitiative.ca\/International\/wp-json\/"}],"wp:attachment":[{"href":"https:\/\/linitiative.ca\/International\/wp-json\/wp\/v2\/media?parent=93420"}],"wp:term":[{"taxonomy":"category","embeddable":true,"href":"https:\/\/linitiative.ca\/International\/wp-json\/wp\/v2\/categories?post=93420"},{"taxonomy":"post_tag","embeddable":true,"href":"https:\/\/linitiative.ca\/International\/wp-json\/wp\/v2\/tags?post=93420"}],"curies":[{"name":"wp","href":"https:\/\/api.w.org\/{rel}","templated":true}]}}