{"id":93431,"date":"2020-07-24T10:31:00","date_gmt":"2020-07-24T14:31:00","guid":{"rendered":"https:\/\/linitiative.ca\/International\/mascara-un-homme-de-50-ans-retrouve-mort-a-tighennif\/"},"modified":"2020-07-24T10:31:00","modified_gmt":"2020-07-24T14:31:00","slug":"mascara-un-homme-de-50-ans-retrouve-mort-a-tighennif","status":"publish","type":"post","link":"https:\/\/linitiative.ca\/International\/mascara-un-homme-de-50-ans-retrouve-mort-a-tighennif\/","title":{"rendered":"MASCARA : Un homme de 50 ans retrouv\u00e9 mort \u00e0 Tighennif"},"content":{"rendered":"<p><br id=\"sep_para_1\" class=\"sep_para access\"\/><\/p>\n<div id=\"para_1\" class=\"para_38016744 resize\">\n<div class=\"texte access firstletter\">Durant la matin\u00e9e du 22 juillet 2020, le corps sans vie d&rsquo;un homme d&rsquo;environ cinquante ans a \u00e9t\u00e9 d\u00e9couvert au douar Allalma \u00e0 la commune de Tighennif dans la wilaya de Mascara.Dans le cadre de l\u2019enqu\u00eate, on apprend de source s\u00e9curitaire que 20 personnes furent arr\u00eat\u00e9es puis rel\u00e2ch\u00e9es quelques heures apr\u00e8s dont trois d&rsquo;entre eux demeurent toujours en garde \u00e0 vue pour les besoins de l&rsquo;enqu\u00eate qui demeure toujours en cours au niveau de la Gendarmerie Nationale de la brigade de Tighennif.<\/div>\n<\/div>\n<p>Auteur: B. Boufaden<br \/>\n<a href=\"https:\/\/www.reflexiondz.net\/MASCARA-Un-homme-de-50-ans-retrouve-mort-a-Tighennif_a64191.html\">Cliquez ici pour lire l&rsquo;article depuis sa source.<\/a><\/p>\n","protected":false},"excerpt":{"rendered":"<p>Durant la matin\u00e9e du 22 juillet 2020, le corps sans vie d&rsquo;un homme d&rsquo;environ cinquante ans a \u00e9t\u00e9 d\u00e9couvert au douar Allalma \u00e0 la commune de Tighennif dans la wilaya de Mascara.Dans le cadre de l\u2019enqu\u00eate, on apprend de source s\u00e9curitaire que 20 personnes furent arr\u00eat\u00e9es puis rel\u00e2ch\u00e9es quelques heures apr\u00e8s dont trois d&rsquo;entre eux [&hellip;]<\/p>\n","protected":false},"author":1740,"featured_media":0,"comment_status":"closed","ping_status":"closed","sticky":false,"template":"","format":"standard","meta":{"fifu_image_url":"","fifu_image_alt":"","footnotes":""},"categories":[53,76],"tags":[],"class_list":["post-93431","post","type-post","status-publish","format-standard","hentry","category-algerie","category-regions"],"_links":{"self":[{"href":"https:\/\/linitiative.ca\/International\/wp-json\/wp\/v2\/posts\/93431","targetHints":{"allow":["GET"]}}],"collection":[{"href":"https:\/\/linitiative.ca\/International\/wp-json\/wp\/v2\/posts"}],"about":[{"href":"https:\/\/linitiative.ca\/International\/wp-json\/wp\/v2\/types\/post"}],"author":[{"embeddable":true,"href":"https:\/\/linitiative.ca\/International\/wp-json\/wp\/v2\/users\/1740"}],"replies":[{"embeddable":true,"href":"https:\/\/linitiative.ca\/International\/wp-json\/wp\/v2\/comments?post=93431"}],"version-history":[{"count":0,"href":"https:\/\/linitiative.ca\/International\/wp-json\/wp\/v2\/posts\/93431\/revisions"}],"wp:attachment":[{"href":"https:\/\/linitiative.ca\/International\/wp-json\/wp\/v2\/media?parent=93431"}],"wp:term":[{"taxonomy":"category","embeddable":true,"href":"https:\/\/linitiative.ca\/International\/wp-json\/wp\/v2\/categories?post=93431"},{"taxonomy":"post_tag","embeddable":true,"href":"https:\/\/linitiative.ca\/International\/wp-json\/wp\/v2\/tags?post=93431"}],"curies":[{"name":"wp","href":"https:\/\/api.w.org\/{rel}","templated":true}]}}