{"id":93432,"date":"2020-07-24T10:31:00","date_gmt":"2020-07-24T14:31:00","guid":{"rendered":"https:\/\/linitiative.ca\/International\/incendie-dans-un-appartement-a-tissemsilt-sauvetage-de-6-personnes-dune-meme-famille\/"},"modified":"2020-07-24T10:31:00","modified_gmt":"2020-07-24T14:31:00","slug":"incendie-dans-un-appartement-a-tissemsilt-sauvetage-de-6-personnes-dune-meme-famille","status":"publish","type":"post","link":"https:\/\/linitiative.ca\/International\/incendie-dans-un-appartement-a-tissemsilt-sauvetage-de-6-personnes-dune-meme-famille\/","title":{"rendered":"INCENDIE DANS UN APPARTEMENT A TISSEMSILT : Sauvetage de 6 personnes d\u2019une m\u00eame famille"},"content":{"rendered":"<p><br id=\"sep_para_1\" class=\"sep_para access\"\/><\/p>\n<div id=\"para_1\" class=\"para_38016730 resize\">\n<div class=\"texte access firstletter\">Les \u00e9l\u00e9ments de l&rsquo;unit\u00e9 principale de la protection civile de Tissemsilt sont intervenus avant-hier dans un incendie d&rsquo;une maison, provoqu\u00e9 par un accident. Selon un communiqu\u00e9 de ce corps, l\u2019appartement situ\u00e9 au 2\u00e8me \u00e9tage d\u2019un immeuble des 400 logements au quartier d&rsquo;Amara, dans la r\u00e9gion d&rsquo;Ain Lora dans la commune de Tissemsilt, qui se compose de trois pi\u00e8ces et d&rsquo;une cuisine a pris feu. Alert\u00e9s, les sapeurs pompiers ont pu maitriser les flammes et\u00a0 sauver 6 membres d&rsquo;une m\u00eame famille.\u00a0<\/div>\n<\/div>\n<p>Auteur: T. Khedim<br \/>\n<a href=\"https:\/\/www.reflexiondz.net\/INCENDIE-DANS-UN-APPARTEMENT-A-TISSEMSILT-Sauvetage-de-6-personnes-d-une-meme-famille_a64188.html\">Cliquez ici pour lire l&rsquo;article depuis sa source.<\/a><\/p>\n","protected":false},"excerpt":{"rendered":"<p>Les \u00e9l\u00e9ments de l&rsquo;unit\u00e9 principale de la protection civile de Tissemsilt sont intervenus avant-hier dans un incendie d&rsquo;une maison, provoqu\u00e9 par un accident. Selon un communiqu\u00e9 de ce corps, l\u2019appartement situ\u00e9 au 2\u00e8me \u00e9tage d\u2019un immeuble des 400 logements au quartier d&rsquo;Amara, dans la r\u00e9gion d&rsquo;Ain Lora dans la commune de Tissemsilt, qui se compose [&hellip;]<\/p>\n","protected":false},"author":1740,"featured_media":0,"comment_status":"closed","ping_status":"closed","sticky":false,"template":"","format":"standard","meta":{"fifu_image_url":"","fifu_image_alt":"","footnotes":""},"categories":[53,76],"tags":[],"class_list":["post-93432","post","type-post","status-publish","format-standard","hentry","category-algerie","category-regions"],"_links":{"self":[{"href":"https:\/\/linitiative.ca\/International\/wp-json\/wp\/v2\/posts\/93432","targetHints":{"allow":["GET"]}}],"collection":[{"href":"https:\/\/linitiative.ca\/International\/wp-json\/wp\/v2\/posts"}],"about":[{"href":"https:\/\/linitiative.ca\/International\/wp-json\/wp\/v2\/types\/post"}],"author":[{"embeddable":true,"href":"https:\/\/linitiative.ca\/International\/wp-json\/wp\/v2\/users\/1740"}],"replies":[{"embeddable":true,"href":"https:\/\/linitiative.ca\/International\/wp-json\/wp\/v2\/comments?post=93432"}],"version-history":[{"count":0,"href":"https:\/\/linitiative.ca\/International\/wp-json\/wp\/v2\/posts\/93432\/revisions"}],"wp:attachment":[{"href":"https:\/\/linitiative.ca\/International\/wp-json\/wp\/v2\/media?parent=93432"}],"wp:term":[{"taxonomy":"category","embeddable":true,"href":"https:\/\/linitiative.ca\/International\/wp-json\/wp\/v2\/categories?post=93432"},{"taxonomy":"post_tag","embeddable":true,"href":"https:\/\/linitiative.ca\/International\/wp-json\/wp\/v2\/tags?post=93432"}],"curies":[{"name":"wp","href":"https:\/\/api.w.org\/{rel}","templated":true}]}}