{"id":93441,"date":"2020-07-24T12:01:30","date_gmt":"2020-07-24T16:01:30","guid":{"rendered":"https:\/\/linitiative.ca\/International\/mustapha-iznasni-la-sagesse-et-la-bienveillance\/"},"modified":"2020-07-24T12:01:30","modified_gmt":"2020-07-24T16:01:30","slug":"mustapha-iznasni-la-sagesse-et-la-bienveillance","status":"publish","type":"post","link":"https:\/\/linitiative.ca\/International\/mustapha-iznasni-la-sagesse-et-la-bienveillance\/","title":{"rendered":"Mustapha Iznasni, la sagesse et la bienveillance"},"content":{"rendered":"<p><strong>Driss Lyazami et Mahjoub El Haiba ont r\u00e9ussi leur pari, un pari de fid\u00e9lit\u00e9 et de reconnaissance : rendre hommage \u00e0 l\u2019un de leurs compagnons, Mustapha Iznasni. Le pari est r\u00e9ussi parce que l\u2019hommage est \u00e0 la mesure de l\u2019homme.<\/strong><\/p>\n<div class=\"c10\"\/>\n<p>Mustapha Iznasni a \u00e9t\u00e9 militant des droits de l\u2019homme, infatigable, mais aussi militant politique, diplomate et surtout un homme cultiv\u00e9, tr\u00e8s humain, fid\u00e8le en amiti\u00e9, d\u2019une discr\u00e9tion absolue. Le livre retrace toutes ces facettes en s\u2019appuyant sur des t\u00e9moignages de ceux qui l\u2019ont connu, accompagn\u00e9 \u00e0 diff\u00e9rentes phases de sa vie, si riche en rencontres. Parce qu\u2019ils sont sinc\u00e8res, les textes sont d\u2019une beaut\u00e9 rarissime.<\/p>\n<p><strong>Lire aussi |<\/strong> <a rel=\"noreferrer noopener\" aria-label=\" (opens in a new tab)\" href=\"https:\/\/www.challenge.ma\/et-si-on-rendait-le-masque-obligatoire-150221\/\" target=\"_blank\"><strong>Et si on rendait le masque obligatoire<\/strong><\/a><\/p>\n<p>L\u2019\u00e9dition est au top. Abderlkader Retnani a d\u00e9montr\u00e9 son savoir-faire, pour qu\u2019un livre soit aussi un bel objet. Des institutions et des personnes priv\u00e9es ont offert des photos qui retracent \u00e0 elles seules le parcours de notre disparu. C\u2019est une exp\u00e9rience \u00e0 renouveler. Nous avons trop pris l\u2019habitude d\u2019enterrer nos morts et de les oublier, en attendant une hypoth\u00e9tique biographie, souvent orient\u00e9e, subjective. C\u2019est justement cette multiplicit\u00e9 des t\u00e9moignages qui donne au livre, \u00e9dit\u00e9 par la maison d\u2019\u00e9dition \u00ab\u00a0La Crois\u00e9e des Chemins\u00a0\u00bb, toute sa force et toute sa singularit\u00e9. Les auteurs appartiennent \u00e0 plusieurs g\u00e9n\u00e9rations et \u00e0 plusieurs cercles, ce qui tend \u00e0 rendre, un peu, justice \u00e0 un parcours, tr\u00e8s \u00e9clectique.<\/p>\n<p><strong>Lire aussi |<\/strong> <a rel=\"noreferrer noopener\" aria-label=\" (opens in a new tab)\" href=\"https:\/\/www.challenge.ma\/21-admissibles-a-polytechnique-merci-locp-150084\/\" target=\"_blank\"><strong>21 admissibles \u00e0 polytechnique : merci l\u2019OCP<\/strong><\/a><\/p>\n<p>Driss Lyazami et Mahjoub El Haida nous rappellent notre devoir de m\u00e9moire. Il faut que nous soyons \u00e0 la hauteur. La g\u00e9n\u00e9ration post-ind\u00e9pendance est en train de partir, c\u2019est la loi de la nature. Ils ont construit le Maroc moderne, m\u00eame dans une ambiance conflictuelle, instaur\u00e9 une vie culturelle foisonnante et r\u00e9ussi \u00e0 arracher des avanc\u00e9es soci\u00e9tales. Les oublier, c\u2019est oublier 70 ans d\u2019histoire. Cela serait une faute, un manquement \u00e0 notre devoir, face aux g\u00e9n\u00e9rations futures.<\/p>\n<div class=\"vw-sticky-sidebar-wrapper vw-sticky-sidebar widget_text awac-wrapper widget_text awac widget custom_html-4 textwidget custom-html-widget\">\n<p class=\"has-background c12\"><span class=\"widget-title c11\">Tribune et D\u00e9bats<\/span><\/p>\n<p>La tribune qui vous parle d\u2019une actu, d\u2019un sujet qui fait d\u00e9bat, les traitent et les analysent. \u00c9conomistes et autres experts, patrons d\u2019entreprises, d\u00e9cideurs, acteurs de la soci\u00e9t\u00e9 civile, s\u2019y prononcent et contribuent \u00e0 sa grande richesse. Vous avez votre opinion, convergente ou diff\u00e9rente. Exprimez-la et mesurez-vous ainsi \u00e0 nos tribuns et d\u00e9batteurs.<\/p>\n<p>Envoyez vos analyses \u00e0 : <a href=\"\/cdn-cgi\/l\/email-protection#492a26273d282a3d092a212825252c272e2c672428\"><span class=\"__cf_email__\" data-cfemail=\"92f1fdfce6f3f1e6d2f1faf3fefef7fcf5f7bcfff3\">[email\u00a0protected]<\/span><\/a>, en pr\u00e9cisant votre nom, votre pr\u00e9nom et votre m\u00e9tier.<\/p>\n<\/div>\n<p>Auteur: Jamal Berraoui<br \/>\n<a href=\"https:\/\/www.challenge.ma\/mustapha-iznasni-la-sagesse-et-la-bienveillance-150905\/\">Cliquez ici pour lire l&rsquo;article depuis sa source.<\/a><\/p>\n","protected":false},"excerpt":{"rendered":"<p>Driss Lyazami et Mahjoub El Haiba ont r\u00e9ussi leur pari, un pari de fid\u00e9lit\u00e9 et de reconnaissance : rendre hommage \u00e0 l\u2019un de leurs compagnons, Mustapha Iznasni. Le pari est r\u00e9ussi parce que l\u2019hommage est \u00e0 la mesure de l\u2019homme. Mustapha Iznasni a \u00e9t\u00e9 militant des droits de l\u2019homme, infatigable, mais aussi militant politique, diplomate [&hellip;]<\/p>\n","protected":false},"author":1787,"featured_media":0,"comment_status":"closed","ping_status":"closed","sticky":false,"template":"","format":"standard","meta":{"fifu_image_url":"","fifu_image_alt":"","footnotes":""},"categories":[78,54],"tags":[],"class_list":["post-93441","post","type-post","status-publish","format-standard","hentry","category-economie","category-maroc"],"_links":{"self":[{"href":"https:\/\/linitiative.ca\/International\/wp-json\/wp\/v2\/posts\/93441","targetHints":{"allow":["GET"]}}],"collection":[{"href":"https:\/\/linitiative.ca\/International\/wp-json\/wp\/v2\/posts"}],"about":[{"href":"https:\/\/linitiative.ca\/International\/wp-json\/wp\/v2\/types\/post"}],"author":[{"embeddable":true,"href":"https:\/\/linitiative.ca\/International\/wp-json\/wp\/v2\/users\/1787"}],"replies":[{"embeddable":true,"href":"https:\/\/linitiative.ca\/International\/wp-json\/wp\/v2\/comments?post=93441"}],"version-history":[{"count":0,"href":"https:\/\/linitiative.ca\/International\/wp-json\/wp\/v2\/posts\/93441\/revisions"}],"wp:attachment":[{"href":"https:\/\/linitiative.ca\/International\/wp-json\/wp\/v2\/media?parent=93441"}],"wp:term":[{"taxonomy":"category","embeddable":true,"href":"https:\/\/linitiative.ca\/International\/wp-json\/wp\/v2\/categories?post=93441"},{"taxonomy":"post_tag","embeddable":true,"href":"https:\/\/linitiative.ca\/International\/wp-json\/wp\/v2\/tags?post=93441"}],"curies":[{"name":"wp","href":"https:\/\/api.w.org\/{rel}","templated":true}]}}