{"id":93442,"date":"2020-07-24T12:08:50","date_gmt":"2020-07-24T16:08:50","guid":{"rendered":"https:\/\/linitiative.ca\/International\/vrai-ou-fake-sur-la-covid-19-au-maroc-vendredi-24-juillet\/"},"modified":"2020-07-24T12:08:50","modified_gmt":"2020-07-24T16:08:50","slug":"vrai-ou-fake-sur-la-covid-19-au-maroc-vendredi-24-juillet","status":"publish","type":"post","link":"https:\/\/linitiative.ca\/International\/vrai-ou-fake-sur-la-covid-19-au-maroc-vendredi-24-juillet\/","title":{"rendered":"Vrai ou Fake sur la covid-19 au Maroc, vendredi 24 juillet"},"content":{"rendered":"<p><strong>En plus de l\u2019\u00e9pid\u00e9mie du nouveau coronavirus, nous devons faire face \u00e0 une autre \u00e9pid\u00e9mie, celle des fake news relay\u00e9es sur les r\u00e9seaux sociaux.<\/strong><\/p>\n<div class=\"c10\"\/>\n<p>\u2013 30% des Marocains ont gard\u00e9 le m\u00eame niveau de d\u00e9penses pendant le confinement. <strong>VRAI<\/strong><\/p>\n<p>\u2013 Le gouvernement a interdit la fabrication b\u00e9n\u00e9vole de visi\u00e8re de protection. <strong>FAKE<\/strong><\/p>\n<p>\u2013 A l\u2019instar de de l\u2019A\u00efd Al Fitr, les Marocains vont cette ann\u00e9e devoir accomplir la pri\u00e8re de l\u2019A\u00efd Al-Adha chez eux. <strong>VRAI<\/strong><\/p>\n<p>\u2013 La Covid-19 n\u2019est pas une pneumonie. Par cons\u00e9quent, les respirateurs et les unit\u00e9s de r\u00e9animation utilis\u00e9s pour traiter les patients contamin\u00e9s sont inutiles. <strong>FAKE<\/strong><\/p>\n<p><strong>Lire aussi |<a href=\"https:\/\/www.challenge.ma\/tanger-interdiction-des-autorisations-de-deplacement-professionnel-150628\/\">Tanger : interdiction des autorisations de d\u00e9placement professionnel<\/a><\/strong><\/p>\n<p>\u2013 Les climatiseurs doivent avoir des filtres performants et \u00eatre correctement entretenus pour r\u00e9duire les risques de contamination. <strong>VRAI<\/strong><\/p>\n<p>\u2013 L\u2019aspirine et du jus de citron bouilli pourraient gu\u00e9rir la Covid-19. <strong>FAKE<\/strong><\/p>\n<p>\u2013 Les familles des pensionnaires dans l\u2019ensemble des \u00e9tablissements p\u00e9nitentiaires seront autoris\u00e9es \u00e0 apporter des denr\u00e9es alimentaires d\u00e8s le deuxi\u00e8me jour de Aid Al-Adha. <strong>VRAI<\/strong><\/p>\n<p>\u2013 Une clef USB anti-5G commercialis\u00e9e sur les plateformes e-commerce prot\u00e9gerait du coronavirus. <strong>FAKE<\/strong><\/p>\n<p><strong>Lire aussi |<a href=\"https:\/\/www.challenge.ma\/aid-al-adha-pas-de-priere-dans-les-mosquees-cette-annee-150843\/\" target=\"_blank\" rel=\"noreferrer noopener\" aria-label=\"A&#xEF;d Al-Adha : pas de pri&#xE8;re dans les mosqu&#xE9;es cette ann&#xE9;e (opens in a new tab)\">A\u00efd Al-Adha : pas de pri\u00e8re dans les mosqu\u00e9es cette ann\u00e9e<\/a><\/strong><\/p>\n<div class=\"vw-sticky-sidebar-wrapper vw-sticky-sidebar widget_text awac-wrapper widget_text awac widget custom_html-4 textwidget custom-html-widget\">\n<p class=\"has-background c12\"><span class=\"widget-title c11\">Tribune et D\u00e9bats<\/span><\/p>\n<p>La tribune qui vous parle d\u2019une actu, d\u2019un sujet qui fait d\u00e9bat, les traitent et les analysent. \u00c9conomistes et autres experts, patrons d\u2019entreprises, d\u00e9cideurs, acteurs de la soci\u00e9t\u00e9 civile, s\u2019y prononcent et contribuent \u00e0 sa grande richesse. Vous avez votre opinion, convergente ou diff\u00e9rente. Exprimez-la et mesurez-vous ainsi \u00e0 nos tribuns et d\u00e9batteurs.<\/p>\n<p>Envoyez vos analyses \u00e0 : <a href=\"\/cdn-cgi\/l\/email-protection#1f7c70716b7e7c6b5f7c777e73737a71787a31727e\"><span class=\"__cf_email__\" data-cfemail=\"791a16170d181a0d391a111815151c171e1c571418\">[email\u00a0protected]<\/span><\/a>, en pr\u00e9cisant votre nom, votre pr\u00e9nom et votre m\u00e9tier.<\/p>\n<\/div>\n<p>Auteur: Hajar DARI<br \/>\n<a href=\"https:\/\/www.challenge.ma\/vrai-ou-fake-sur-la-covid-19-au-maroc-vendredi-24-juillet-150872\/\">Cliquez ici pour lire l&rsquo;article depuis sa source.<\/a><\/p>\n","protected":false},"excerpt":{"rendered":"<p>En plus de l\u2019\u00e9pid\u00e9mie du nouveau coronavirus, nous devons faire face \u00e0 une autre \u00e9pid\u00e9mie, celle des fake news relay\u00e9es sur les r\u00e9seaux sociaux. \u2013 30% des Marocains ont gard\u00e9 le m\u00eame niveau de d\u00e9penses pendant le confinement. VRAI \u2013 Le gouvernement a interdit la fabrication b\u00e9n\u00e9vole de visi\u00e8re de protection. FAKE \u2013 A l\u2019instar [&hellip;]<\/p>\n","protected":false},"author":1787,"featured_media":0,"comment_status":"closed","ping_status":"closed","sticky":false,"template":"","format":"standard","meta":{"fifu_image_url":"","fifu_image_alt":"","footnotes":""},"categories":[78,54],"tags":[],"class_list":["post-93442","post","type-post","status-publish","format-standard","hentry","category-economie","category-maroc"],"_links":{"self":[{"href":"https:\/\/linitiative.ca\/International\/wp-json\/wp\/v2\/posts\/93442","targetHints":{"allow":["GET"]}}],"collection":[{"href":"https:\/\/linitiative.ca\/International\/wp-json\/wp\/v2\/posts"}],"about":[{"href":"https:\/\/linitiative.ca\/International\/wp-json\/wp\/v2\/types\/post"}],"author":[{"embeddable":true,"href":"https:\/\/linitiative.ca\/International\/wp-json\/wp\/v2\/users\/1787"}],"replies":[{"embeddable":true,"href":"https:\/\/linitiative.ca\/International\/wp-json\/wp\/v2\/comments?post=93442"}],"version-history":[{"count":0,"href":"https:\/\/linitiative.ca\/International\/wp-json\/wp\/v2\/posts\/93442\/revisions"}],"wp:attachment":[{"href":"https:\/\/linitiative.ca\/International\/wp-json\/wp\/v2\/media?parent=93442"}],"wp:term":[{"taxonomy":"category","embeddable":true,"href":"https:\/\/linitiative.ca\/International\/wp-json\/wp\/v2\/categories?post=93442"},{"taxonomy":"post_tag","embeddable":true,"href":"https:\/\/linitiative.ca\/International\/wp-json\/wp\/v2\/tags?post=93442"}],"curies":[{"name":"wp","href":"https:\/\/api.w.org\/{rel}","templated":true}]}}