{"id":93539,"date":"2020-07-24T14:22:35","date_gmt":"2020-07-24T18:22:35","guid":{"rendered":"https:\/\/linitiative.ca\/International\/enseignement-a-distance-ceremonie-en-faveur-des-contributeurs\/"},"modified":"2020-07-24T14:22:35","modified_gmt":"2020-07-24T18:22:35","slug":"enseignement-a-distance-ceremonie-en-faveur-des-contributeurs","status":"publish","type":"post","link":"https:\/\/linitiative.ca\/International\/enseignement-a-distance-ceremonie-en-faveur-des-contributeurs\/","title":{"rendered":"Enseignement \u00e0 distance: C\u00e9r\u00e9monie en faveur des contributeurs"},"content":{"rendered":"<div readability=\"38\">\n<p>Essaouira \u2013 La Direction provinciale de l\u2019Education nationale \u00e0 Essaouira a organis\u00e9, mercredi, une c\u00e9r\u00e9monie en l\u2019honneur des participants et contributeurs \u00e0 la production des ressources num\u00e9riques dans le cadre de l\u2019op\u00e9ration de l\u2019enseignement \u00e0 distance, lanc\u00e9e par le minist\u00e8re de tutelle pour garantir la continuit\u00e9 p\u00e9dagogique suite \u00e0 l\u2019arr\u00eat des cours en pr\u00e9sentiel \u00e0 cause de la propagation de la Covid-19.<\/p>\n<\/div>\n<div readability=\"72\">\n<p>Intervenant \u00e0 cette occasion, le Directeur provincial de l\u2019Education nationale, Nouredine El Aoufi Laghzaoui, a tenu \u00e0 exprimer, au nom du minist\u00e8re et de l\u2019Acad\u00e9mie r\u00e9gionale de l\u2019\u00e9ducation et de la formation (AREF) de Marrakech-Safi, ses vifs remerciements et sa profonde gratitude \u00e0 tous les intervenants et contributeurs \u00e0 l\u2019op\u00e9ration de tournage et d\u2019enregistrement de ces cours \u00e0 distance, permettant ainsi d\u2019enrichir la production des ressources num\u00e9riques \u00e0 l\u2019\u00e9chelle nationale.<\/p>\n<p>Il a ajout\u00e9 que ces contenus ont \u00e9t\u00e9 valid\u00e9s par l\u2019AREF et agr\u00e9\u00e9s par le minist\u00e8re, \u00e0 travers leur publication sur la plateforme \u00ab\u00a0Teams\u00a0\u00bb ou leur diffusion sur les cha\u00eenes de t\u00e9l\u00e9vision, tout en pr\u00e9servant le reste dans la banque des ressources num\u00e9riques au sein du minist\u00e8re.<\/p>\n<p>M. El Aoufi Laghzaoui a aussi salu\u00e9 les efforts inlassables consentis par les autres enseignantes et enseignants, l\u2019administration p\u00e9dagogique, le corps d\u2019inspection, les parents d\u2019\u00e9l\u00e8ves et les \u00e9tablissements d\u2019enseignement priv\u00e9 pour la r\u00e9ussite du processus d\u2019apprentissage \u00e0 distance dans tous les niveaux et cycles de l\u2019enseignement, compte tenu du manque des moyens techniques et du recours aux moyens personnels.<\/p>\n<p>De leur c\u00f4t\u00e9, les participants \u00e0 cette c\u00e9r\u00e9monie ont r\u00e9affirm\u00e9 leur engagement \u00e0 poursuivre leur adh\u00e9sion et mobilisation pour la r\u00e9ussite de toutes les op\u00e9rations p\u00e9dagogiques, notamment en ces circonstances exceptionnelles que traverse le pays suite \u00e0 la propagation de la Covid-19.<\/p>\n<p>Au terme de cette c\u00e9r\u00e9monie, qui s\u2019est d\u00e9roul\u00e9e dans le strict respect des mesures pr\u00e9ventives et de pr\u00e9caution en vigueur, des certificats de m\u00e9rite ont \u00e9t\u00e9 remis aux personnes pr\u00e9sentes, alors que les autres vont recevoir leurs certificats ult\u00e9rieurement et ce, dans le cadre du respect des dispositifs de pr\u00e9vention, notamment la pr\u00e9sence d\u2019un nombre r\u00e9duit de participants aux rencontres et r\u00e9unions.<\/p>\n<\/div>\n<p>Auteur: Meriem IGASS<br \/>\n<a href=\"http:\/\/www.mapmarrakech.ma\/fr\/enseignement-a-distance-ceremonie-en-faveur-des-contributeurs\/\">Cliquez ici pour lire l&rsquo;article depuis sa source.<\/a><\/p>\n","protected":false},"excerpt":{"rendered":"<p>Essaouira \u2013 La Direction provinciale de l\u2019Education nationale \u00e0 Essaouira a organis\u00e9, mercredi, une c\u00e9r\u00e9monie en l\u2019honneur des participants et contributeurs \u00e0 la production des ressources num\u00e9riques dans le cadre de l\u2019op\u00e9ration de l\u2019enseignement \u00e0 distance, lanc\u00e9e par le minist\u00e8re de tutelle pour garantir la continuit\u00e9 p\u00e9dagogique suite \u00e0 l\u2019arr\u00eat des cours en pr\u00e9sentiel \u00e0 [&hellip;]<\/p>\n","protected":false},"author":1788,"featured_media":0,"comment_status":"closed","ping_status":"closed","sticky":false,"template":"","format":"standard","meta":{"fifu_image_url":"","fifu_image_alt":"","footnotes":""},"categories":[54,76],"tags":[],"class_list":["post-93539","post","type-post","status-publish","format-standard","hentry","category-maroc","category-regions"],"_links":{"self":[{"href":"https:\/\/linitiative.ca\/International\/wp-json\/wp\/v2\/posts\/93539","targetHints":{"allow":["GET"]}}],"collection":[{"href":"https:\/\/linitiative.ca\/International\/wp-json\/wp\/v2\/posts"}],"about":[{"href":"https:\/\/linitiative.ca\/International\/wp-json\/wp\/v2\/types\/post"}],"author":[{"embeddable":true,"href":"https:\/\/linitiative.ca\/International\/wp-json\/wp\/v2\/users\/1788"}],"replies":[{"embeddable":true,"href":"https:\/\/linitiative.ca\/International\/wp-json\/wp\/v2\/comments?post=93539"}],"version-history":[{"count":0,"href":"https:\/\/linitiative.ca\/International\/wp-json\/wp\/v2\/posts\/93539\/revisions"}],"wp:attachment":[{"href":"https:\/\/linitiative.ca\/International\/wp-json\/wp\/v2\/media?parent=93539"}],"wp:term":[{"taxonomy":"category","embeddable":true,"href":"https:\/\/linitiative.ca\/International\/wp-json\/wp\/v2\/categories?post=93539"},{"taxonomy":"post_tag","embeddable":true,"href":"https:\/\/linitiative.ca\/International\/wp-json\/wp\/v2\/tags?post=93539"}],"curies":[{"name":"wp","href":"https:\/\/api.w.org\/{rel}","templated":true}]}}