{"id":93540,"date":"2020-07-24T14:31:28","date_gmt":"2020-07-24T18:31:28","guid":{"rendered":"https:\/\/linitiative.ca\/International\/session-de-formation-au-profit-de-cadres-de-lagence-urbaine\/"},"modified":"2020-07-24T14:31:28","modified_gmt":"2020-07-24T18:31:28","slug":"session-de-formation-au-profit-de-cadres-de-lagence-urbaine","status":"publish","type":"post","link":"https:\/\/linitiative.ca\/International\/session-de-formation-au-profit-de-cadres-de-lagence-urbaine\/","title":{"rendered":"Session de formation au profit de cadres de l\u2019Agence urbaine"},"content":{"rendered":"<div class=\"single-featured\"><img alt=\"\" data-src=\"http:\/\/www.mapmarrakech.ma\/map\/uploads\/2020\/04\/agence-urbaine-Essaouira-copier.jpg\"\/><\/div>\n<div class=\"single-post-excerpt post-excerpt-bc\" readability=\"39\">\n<p>Essaouira \u2013 Une session de formation a \u00e9t\u00e9 organis\u00e9e, r\u00e9cemment, par l\u2019Agence Urbaine d\u2019Essaouira (AUESS) au profit de certains de ses cadres et employ\u00e9s, en vue d\u2019enrichir leurs connaissances et de leur permettre de s\u2019informer des nouveaut\u00e9s dans divers domaines et diff\u00e9rentes sp\u00e9cialit\u00e9s, \u00e0 m\u00eame d\u2019am\u00e9liorer la qualit\u00e9 des prestations de services offertes aux citoyens.<\/p>\n<\/div>\n<div class=\"entry-content clearfix single-post-content\" readability=\"43\">\n<p>Cette session de trois jours, ax\u00e9e sur \u00ab\u00a0la gestion des anciennes m\u00e9dinas et les codes de l\u2019urbanisme\u00a0\u00bb, se veut le prolongement d\u2019autres formations organis\u00e9es auparavant par l\u2019Agence sur d\u2019autres th\u00e9matiques.<\/p>\n<p>Cette formation, qui a profit\u00e9 aux cadres du d\u00e9partement de la gestion urbaine et de la r\u00e9glementation relevant de l\u2019AUESS, a \u00e9t\u00e9 encadr\u00e9e par M. Najib Benyahia, ing\u00e9nieur sp\u00e9cialiste du d\u00e9veloppement urbain et ancien cadre du minist\u00e8re de l\u2019Habitat et de l\u2019Urbanisme.<\/p>\n<\/div>\n<p>Auteur: Meriem IGASS<br \/>\n<a href=\"http:\/\/www.mapmarrakech.ma\/fr\/session-de-formation-au-profit-de-cadres-de-lagence-urbaine\/\">Cliquez ici pour lire l&rsquo;article depuis sa source.<\/a><\/p>\n","protected":false},"excerpt":{"rendered":"<p>Essaouira \u2013 Une session de formation a \u00e9t\u00e9 organis\u00e9e, r\u00e9cemment, par l\u2019Agence Urbaine d\u2019Essaouira (AUESS) au profit de certains de ses cadres et employ\u00e9s, en vue d\u2019enrichir leurs connaissances et de leur permettre de s\u2019informer des nouveaut\u00e9s dans divers domaines et diff\u00e9rentes sp\u00e9cialit\u00e9s, \u00e0 m\u00eame d\u2019am\u00e9liorer la qualit\u00e9 des prestations de services offertes aux citoyens. [&hellip;]<\/p>\n","protected":false},"author":1788,"featured_media":93541,"comment_status":"closed","ping_status":"closed","sticky":false,"template":"","format":"standard","meta":{"fifu_image_url":"","fifu_image_alt":"","footnotes":""},"categories":[54,76],"tags":[],"class_list":["post-93540","post","type-post","status-publish","format-standard","has-post-thumbnail","hentry","category-maroc","category-regions"],"_links":{"self":[{"href":"https:\/\/linitiative.ca\/International\/wp-json\/wp\/v2\/posts\/93540","targetHints":{"allow":["GET"]}}],"collection":[{"href":"https:\/\/linitiative.ca\/International\/wp-json\/wp\/v2\/posts"}],"about":[{"href":"https:\/\/linitiative.ca\/International\/wp-json\/wp\/v2\/types\/post"}],"author":[{"embeddable":true,"href":"https:\/\/linitiative.ca\/International\/wp-json\/wp\/v2\/users\/1788"}],"replies":[{"embeddable":true,"href":"https:\/\/linitiative.ca\/International\/wp-json\/wp\/v2\/comments?post=93540"}],"version-history":[{"count":0,"href":"https:\/\/linitiative.ca\/International\/wp-json\/wp\/v2\/posts\/93540\/revisions"}],"wp:featuredmedia":[{"embeddable":true,"href":"https:\/\/linitiative.ca\/International\/wp-json\/"}],"wp:attachment":[{"href":"https:\/\/linitiative.ca\/International\/wp-json\/wp\/v2\/media?parent=93540"}],"wp:term":[{"taxonomy":"category","embeddable":true,"href":"https:\/\/linitiative.ca\/International\/wp-json\/wp\/v2\/categories?post=93540"},{"taxonomy":"post_tag","embeddable":true,"href":"https:\/\/linitiative.ca\/International\/wp-json\/wp\/v2\/tags?post=93540"}],"curies":[{"name":"wp","href":"https:\/\/api.w.org\/{rel}","templated":true}]}}