{"id":93542,"date":"2020-07-24T14:43:57","date_gmt":"2020-07-24T18:43:57","guid":{"rendered":"https:\/\/linitiative.ca\/International\/lancement-de-la-campagne-le-flambeau-de-la-reussite\/"},"modified":"2020-07-24T14:43:57","modified_gmt":"2020-07-24T18:43:57","slug":"lancement-de-la-campagne-le-flambeau-de-la-reussite","status":"publish","type":"post","link":"https:\/\/linitiative.ca\/International\/lancement-de-la-campagne-le-flambeau-de-la-reussite\/","title":{"rendered":"Lancement de la campagne \u00ab\u00a0le flambeau de la r\u00e9ussite\u00a0\u00bb"},"content":{"rendered":"<div class=\"single-featured\"><img alt=\"\" data-src=\"http:\/\/www.mapmarrakech.ma\/map\/uploads\/2020\/07\/campagne-solidarite-essaouira-copier.jpg\"\/><\/div>\n<div class=\"single-post-excerpt post-excerpt-bc\" readability=\"37\">\n<p>Essaouira \u2013 L\u2019Association des anciens \u00e9l\u00e8ves du Lyc\u00e9e Nawras Mogador \u00e0 Essaouira a lanc\u00e9, r\u00e9cemment, un appel aux \u00e9l\u00e8ves (filles et gar\u00e7ons) ayant r\u00e9ussi lors de l\u2019actuelle ann\u00e9e scolaire 2019-2020 afin d\u2019adh\u00e9rer massivement \u00e0 une campagne de solidarit\u00e9 baptis\u00e9e \u00ab\u00a0le flambeau de la r\u00e9ussite\u00a0\u00bb.<\/p>\n<\/div>\n<div class=\"entry-content clearfix single-post-content\" readability=\"37\">\n<p>Cette noble initiative p\u00e9dagogique consiste \u00e0 faire don des livres et manuels scolaires d\u00e9j\u00e0 utilis\u00e9s cette ann\u00e9e en vue de venir en aide aux autres \u00e9l\u00e8ves qui se trouvent dans l\u2019incapacit\u00e9 de se les procurer et de leur permettre de pers\u00e9v\u00e9rer sur la voie de la r\u00e9ussite.<\/p>\n<p>Cette action se veut aussi un acte \u00e9loquent pour consacrer davantage la culture de solidarit\u00e9 et d\u2019entraide entre les \u00e9l\u00e8ves du Lyc\u00e9e Nawras Mogador.<\/p>\n<\/div>\n<p>Auteur: Meriem IGASS<br \/>\n<a href=\"http:\/\/www.mapmarrakech.ma\/fr\/lancement-de-la-campagne-le-flambeau-de-la-reussite\/\">Cliquez ici pour lire l&rsquo;article depuis sa source.<\/a><\/p>\n","protected":false},"excerpt":{"rendered":"<p>Essaouira \u2013 L\u2019Association des anciens \u00e9l\u00e8ves du Lyc\u00e9e Nawras Mogador \u00e0 Essaouira a lanc\u00e9, r\u00e9cemment, un appel aux \u00e9l\u00e8ves (filles et gar\u00e7ons) ayant r\u00e9ussi lors de l\u2019actuelle ann\u00e9e scolaire 2019-2020 afin d\u2019adh\u00e9rer massivement \u00e0 une campagne de solidarit\u00e9 baptis\u00e9e \u00ab\u00a0le flambeau de la r\u00e9ussite\u00a0\u00bb. Cette noble initiative p\u00e9dagogique consiste \u00e0 faire don des livres et [&hellip;]<\/p>\n","protected":false},"author":1788,"featured_media":93543,"comment_status":"closed","ping_status":"closed","sticky":false,"template":"","format":"standard","meta":{"fifu_image_url":"","fifu_image_alt":"","footnotes":""},"categories":[54,76],"tags":[],"class_list":["post-93542","post","type-post","status-publish","format-standard","has-post-thumbnail","hentry","category-maroc","category-regions"],"_links":{"self":[{"href":"https:\/\/linitiative.ca\/International\/wp-json\/wp\/v2\/posts\/93542","targetHints":{"allow":["GET"]}}],"collection":[{"href":"https:\/\/linitiative.ca\/International\/wp-json\/wp\/v2\/posts"}],"about":[{"href":"https:\/\/linitiative.ca\/International\/wp-json\/wp\/v2\/types\/post"}],"author":[{"embeddable":true,"href":"https:\/\/linitiative.ca\/International\/wp-json\/wp\/v2\/users\/1788"}],"replies":[{"embeddable":true,"href":"https:\/\/linitiative.ca\/International\/wp-json\/wp\/v2\/comments?post=93542"}],"version-history":[{"count":0,"href":"https:\/\/linitiative.ca\/International\/wp-json\/wp\/v2\/posts\/93542\/revisions"}],"wp:featuredmedia":[{"embeddable":true,"href":"https:\/\/linitiative.ca\/International\/wp-json\/"}],"wp:attachment":[{"href":"https:\/\/linitiative.ca\/International\/wp-json\/wp\/v2\/media?parent=93542"}],"wp:term":[{"taxonomy":"category","embeddable":true,"href":"https:\/\/linitiative.ca\/International\/wp-json\/wp\/v2\/categories?post=93542"},{"taxonomy":"post_tag","embeddable":true,"href":"https:\/\/linitiative.ca\/International\/wp-json\/wp\/v2\/tags?post=93542"}],"curies":[{"name":"wp","href":"https:\/\/api.w.org\/{rel}","templated":true}]}}