{"id":93544,"date":"2020-07-25T10:23:36","date_gmt":"2020-07-25T14:23:36","guid":{"rendered":"https:\/\/linitiative.ca\/International\/engraissement-du-cheptel-saisie-de-12-tonnes-de-fiente-de-volailles\/"},"modified":"2020-07-25T10:23:36","modified_gmt":"2020-07-25T14:23:36","slug":"engraissement-du-cheptel-saisie-de-12-tonnes-de-fiente-de-volailles","status":"publish","type":"post","link":"https:\/\/linitiative.ca\/International\/engraissement-du-cheptel-saisie-de-12-tonnes-de-fiente-de-volailles\/","title":{"rendered":"Engraissement du cheptel: Saisie de 12 tonnes de fiente de volailles"},"content":{"rendered":"<div class=\"single-featured\"><img alt=\"\" data-src=\"http:\/\/www.mapmarrakech.ma\/map\/uploads\/2020\/07\/moutons-alimentation-copier.jpg\"\/><\/div>\n<div class=\"single-post-excerpt post-excerpt-bc\" readability=\"37\">\n<p>Benguerir \u2013 La pr\u00e9fecture de la province de Rehamna a annonc\u00e9, vendredi, la saisie de 12 tonnes de fiente de volailles utilis\u00e9e dans l\u2019engraissement du cheptel par un \u00e9leveur \u00e0 douar Tamghart, relevant de la Commune de Je\u00e2fra (province de Rehamna).<\/p>\n<\/div>\n<div class=\"entry-content clearfix single-post-content\" readability=\"58\">\n<p>Un communiqu\u00e9 de la Division des Affaires Economiques et de la Coordination de ladite pr\u00e9fecture a indiqu\u00e9 que dans le cadre des op\u00e9rations intenses de contr\u00f4le men\u00e9es ces jours-ci \u00e0 l\u2019occasion de la f\u00eate de l\u2019A\u00efd Al Adha au niveau des exploitations d\u2019\u00e9levage du cheptel, il a \u00e9t\u00e9 proc\u00e9d\u00e9, le 21 juillet, \u00e0 la saisie d\u2019une importante quantit\u00e9 de fiente de volailles utilis\u00e9e dans l\u2019alimentation du cheptel par un \u00e9leveur \u00e0 douar Tamghart relevant de la Commune de Je\u00e2fra.<\/p>\n<p>Et la m\u00eame source de pr\u00e9ciser que les services v\u00e9t\u00e9rinaires de l\u2019Office National de la S\u00e9curit\u00e9 Sanitaire des Produits Alimentaires (ONSSA) ont ainsi proc\u00e9d\u00e9, en coordination avec les autorit\u00e9s provinciales, \u00e0 la saisie de cette quantit\u00e9 estim\u00e9e \u00e0 12 tonnes.<\/p>\n<p>Toutes les proc\u00e9dures juridiques ont \u00e9t\u00e9 engag\u00e9es en pr\u00e9sence des autorit\u00e9s locales et des \u00e9l\u00e9ments de la Gendarmerie Royale, a ajout\u00e9 le communiqu\u00e9, soulignant qu\u2019il a \u00e9t\u00e9 proc\u00e9d\u00e9 \u00e0 la destruction de cette quantit\u00e9 de fiente, \u00e0 la saisie \u00e0 titre pr\u00e9ventif de 73 t\u00eates du cheptel et \u00e0 l\u2019\u00e9tablissement d\u2019un proc\u00e8s-verbal \u00e0 l\u2019encontre du contrevenant.<\/p>\n<p>Cette op\u00e9ration intervient dans le cadre des efforts d\u00e9ploy\u00e9s par les autorit\u00e9s publiques comp\u00e9tentes afin de veiller au respect de la s\u00e9curit\u00e9 sanitaire des produits alimentaires et de r\u00e9primer les contrevenants des dispositions juridiques en vigueur en la mati\u00e8re, conclut la m\u00eame source.<\/p>\n<\/div>\n<p>Auteur: Meriem IGASS<br \/>\n<a href=\"http:\/\/www.mapmarrakech.ma\/fr\/engraissement-du-cheptel-saisie-de-12-tonnes-de-fiente-de-volailles\/\">Cliquez ici pour lire l&rsquo;article depuis sa source.<\/a><\/p>\n","protected":false},"excerpt":{"rendered":"<p>Benguerir \u2013 La pr\u00e9fecture de la province de Rehamna a annonc\u00e9, vendredi, la saisie de 12 tonnes de fiente de volailles utilis\u00e9e dans l\u2019engraissement du cheptel par un \u00e9leveur \u00e0 douar Tamghart, relevant de la Commune de Je\u00e2fra (province de Rehamna). Un communiqu\u00e9 de la Division des Affaires Economiques et de la Coordination de ladite [&hellip;]<\/p>\n","protected":false},"author":1788,"featured_media":93545,"comment_status":"closed","ping_status":"closed","sticky":false,"template":"","format":"standard","meta":{"fifu_image_url":"","fifu_image_alt":"","footnotes":""},"categories":[54,76],"tags":[],"class_list":["post-93544","post","type-post","status-publish","format-standard","has-post-thumbnail","hentry","category-maroc","category-regions"],"_links":{"self":[{"href":"https:\/\/linitiative.ca\/International\/wp-json\/wp\/v2\/posts\/93544","targetHints":{"allow":["GET"]}}],"collection":[{"href":"https:\/\/linitiative.ca\/International\/wp-json\/wp\/v2\/posts"}],"about":[{"href":"https:\/\/linitiative.ca\/International\/wp-json\/wp\/v2\/types\/post"}],"author":[{"embeddable":true,"href":"https:\/\/linitiative.ca\/International\/wp-json\/wp\/v2\/users\/1788"}],"replies":[{"embeddable":true,"href":"https:\/\/linitiative.ca\/International\/wp-json\/wp\/v2\/comments?post=93544"}],"version-history":[{"count":0,"href":"https:\/\/linitiative.ca\/International\/wp-json\/wp\/v2\/posts\/93544\/revisions"}],"wp:featuredmedia":[{"embeddable":true,"href":"https:\/\/linitiative.ca\/International\/wp-json\/"}],"wp:attachment":[{"href":"https:\/\/linitiative.ca\/International\/wp-json\/wp\/v2\/media?parent=93544"}],"wp:term":[{"taxonomy":"category","embeddable":true,"href":"https:\/\/linitiative.ca\/International\/wp-json\/wp\/v2\/categories?post=93544"},{"taxonomy":"post_tag","embeddable":true,"href":"https:\/\/linitiative.ca\/International\/wp-json\/wp\/v2\/tags?post=93544"}],"curies":[{"name":"wp","href":"https:\/\/api.w.org\/{rel}","templated":true}]}}