{"id":93550,"date":"2020-07-25T09:28:54","date_gmt":"2020-07-25T13:28:54","guid":{"rendered":"https:\/\/linitiative.ca\/International\/oriental-une-offre-abondante-pour-laid-al-adha\/"},"modified":"2020-07-25T09:28:54","modified_gmt":"2020-07-25T13:28:54","slug":"oriental-une-offre-abondante-pour-laid-al-adha","status":"publish","type":"post","link":"https:\/\/linitiative.ca\/International\/oriental-une-offre-abondante-pour-laid-al-adha\/","title":{"rendered":"Oriental : une offre abondante pour l\u2019Aid Al Adha"},"content":{"rendered":"<p class=\"c4\">A une semaine de la f\u00eate d\u2019Aid Al Adha, les march\u00e9s de vente du b\u00e9tail destin\u00e9 \u00e0 l\u2019abattage dans la r\u00e9gion de l\u2019Oriental affichent une offre abondante et satisfaisante pour les habitants de la r\u00e9gion, tout en suivant des mesures strictes de pr\u00e9vention rendues n\u00e9cessaires par la pand\u00e9mie du Covid-19.<\/p>\n<p class=\"c4\">La r\u00e9gion de l\u2019Oriental compte 17 march\u00e9s permanents de b\u00e9tail, en plus d\u2019autres march\u00e9s temporaires cr\u00e9\u00e9s pour augmenter le nombre de march\u00e9s ouverts pour la p\u00e9riode de l\u2019Aid al-Adha et diminuer la pression sur les march\u00e9s hebdomadaires.<\/p>\n<p class=\"c4\">A titre d\u2019exemple, la pr\u00e9fecture d\u2019Oujda-Angad, dispose de trois march\u00e9s, \u00e0 savoir les march\u00e9s hebdomadaires d\u2019Oued Isly et de Sidi Moussa Lamhaya, en plus du march\u00e9 temporaire cr\u00e9\u00e9 \u00e0 Sidi Yahya et qui r\u00e9pond aux normes de pr\u00e9vention et d\u2019organisation contre la pand\u00e9mie du Covid-19, sans oublier plusieurs points de vente r\u00e9partis \u00e0 travers la pr\u00e9fecture.<\/p>\n<p class=\"c4\">De m\u00eame, les mesures de pr\u00e9vention ont \u00e9t\u00e9 renforc\u00e9es dans ces march\u00e9s, \u00e0 travers la cr\u00e9ation de commissions form\u00e9es de cadres des directions provinciales de l\u2019Agriculture, de la direction r\u00e9gionale de l\u2019Office national de s\u00e9curit\u00e9 sanitaire des produits alimentaires (ONSSA) et de la direction r\u00e9gionale du Conseil agricole, en vue de proc\u00e9der \u00e0 la sensibilisation et contribuer \u00e0 l\u2019application effective de l\u2019ensemble des mesures contenues dans le communiqu\u00e9 conjoint et le guide pratique publi\u00e9s, \u00e0 l\u2019occasion de l\u2019Aid Al Adha, par le minist\u00e8re de l\u2019Agriculture, de la p\u00eache maritime, du d\u00e9veloppement rural et des eaux et for\u00eats et le minist\u00e8re de l\u2019Int\u00e9rieur.<\/p>\n<p class=\"c4\">Concernant l\u2019op\u00e9ration d\u2019identification du cheptel, elle a totalis\u00e9, au 21 juillet courant, 886.556 t\u00eates de bovin et d\u2019ovin identifi\u00e9s au niveau de l\u2019ensemble des provinces et de la pr\u00e9fecture relevant de la r\u00e9gion de l\u2019Oriental.<\/p>\n<p><img class=\"wp-image-22793 aligncenter\" data-src=\"http:\/\/www.mapoujda.ma\/map\/uploads\/2020\/07\/L&#xE9;quipe-de-lONSSA-controle-des-b&#xE9;tails-M750&#xD7;430-MAP.jpg\" alt=\"\" width=\"576\" height=\"330\" srcset=\"http:\/\/www.mapoujda.ma\/map\/uploads\/2020\/07\/L&#xE9;quipe-de-lONSSA-controle-des-b&#xE9;tails-M750&#xD7;430-MAP.jpg 750w, http:\/\/www.mapoujda.ma\/map\/uploads\/2020\/07\/L&#xE9;quipe-de-lONSSA-controle-des-b&#xE9;tails-M750&#xD7;430-MAP-300x172.jpg 300w\" sizes=\"(max-width: 576px) 100vw, 576px\"\/><\/p>\n<p class=\"c4\">Dans une d\u00e9claration \u00e0 la MAP, le directeur r\u00e9gional de l\u2019Agriculture, Mahjoub Lahrach, a expliqu\u00e9 que la multiplication des points de vente vise \u00e0 \u00e9viter les encombrements et la forte affluence sur un nombre r\u00e9duit de march\u00e9s, conform\u00e9ment \u00e0 l\u2019obligation de respecter les conditions de s\u00e9curit\u00e9 sanitaire pr\u00e9vus dans la note conjointe et du guide pratique qui a \u00e9t\u00e9 distribu\u00e9 aupr\u00e8s des professionnels, pour assurer le respect total des mesures de pr\u00e9vention et de protection contre le Covid-19.<\/p>\n<p class=\"c4\">Pour ce qui est du cheptel, la r\u00e9gion de l\u2019Oriental compte pr\u00e8s de 20.000 \u00e9leveurs-engraisseurs d\u2019ovins et de caprins enregistr\u00e9s, alors que les t\u00eates d\u2019ovins et de caprins identifi\u00e9s ont atteint un nombre important, permettant de r\u00e9pondre aux besoins des habitants pour la f\u00eate du sacrifice, a-t-il affirm\u00e9.<\/p>\n<p class=\"c4\">Le cheptel propos\u00e9 \u00e0 la vente dans ces march\u00e9s jouit d\u2019un bon \u00e9tat de sant\u00e9 et est soumis au contr\u00f4le des services du minist\u00e8re de l\u2019Agriculture et de l\u2019ONSSA, a-t-il soulign\u00e9, rappelant que les bouchers qui seront autoris\u00e9s \u00e0 effectuer le rite du sacrifice devront au pr\u00e9alable se soumettre aux tests n\u00e9cessaires et que l\u2019ensemble de ces op\u00e9rations seront suivies de pr\u00e8s par les services de l\u2019ONSSA, qui resteront \u00e0 l\u2019\u00e9coute du citoyen pour intervenir en cas de besoin.<\/p>\n<p class=\"c4\">L\u2019op\u00e9ration Aid Al Adha se d\u00e9roule dans de bonnes conditions et dans le respect total des conditions de s\u00e9curit\u00e9 sanitaire, et l\u2019ensemble des march\u00e9s d\u00e9di\u00e9s \u00e0 travers la r\u00e9gion disposent d\u2019une offre suffisante en ovins et caprins de mani\u00e8re \u00e0 satisfaire les besoins des citoyens pour cette f\u00eate religieuse, a insist\u00e9 M. Lahrach.<\/p>\n<p class=\"c4\">Il a aussi appel\u00e9 les citoyens \u00e0 s\u2019assurer que les moutons ou ch\u00e8vres achet\u00e9s portent la boucle jaune \u00abAid Al Adha\u00bb qui dispose d\u2019un num\u00e9ro de s\u00e9rie unique permettant la tra\u00e7abilit\u00e9.<\/p>\n<p class=\"c4\">Par ailleurs, le directeur r\u00e9gional a exhort\u00e9 les citoyens \u00e0 porter les masques de protection \u00e0 l\u2019int\u00e9rieur des march\u00e9s, \u00e0 ne pas se serrer la main, \u00e0 utiliser les d\u00e9sinfectants et \u00e0 respecter la distance de s\u00e9curit\u00e9, tout en soulignant la n\u00e9cessit\u00e9 d\u2019\u00e9viter la foule puisque les march\u00e9s de vente du cheptel destin\u00e9 au sacrifice sont nombreux et r\u00e9partis \u00e0 travers l\u2019ensemble du territoire de la r\u00e9gion.<\/p>\n<p>Auteur: Soufiane ELAHMAR<br \/>\n<a href=\"http:\/\/www.mapoujda.ma\/fr\/oriental-une-offre-abondante-pour-laid-al-adha\/\">Cliquez ici pour lire l&rsquo;article depuis sa source.<\/a><\/p>\n","protected":false},"excerpt":{"rendered":"<p>A une semaine de la f\u00eate d\u2019Aid Al Adha, les march\u00e9s de vente du b\u00e9tail destin\u00e9 \u00e0 l\u2019abattage dans la r\u00e9gion de l\u2019Oriental affichent une offre abondante et satisfaisante pour les habitants de la r\u00e9gion, tout en suivant des mesures strictes de pr\u00e9vention rendues n\u00e9cessaires par la pand\u00e9mie du Covid-19. La r\u00e9gion de l\u2019Oriental compte [&hellip;]<\/p>\n","protected":false},"author":1788,"featured_media":93551,"comment_status":"closed","ping_status":"closed","sticky":false,"template":"","format":"standard","meta":{"fifu_image_url":"","fifu_image_alt":"","footnotes":""},"categories":[54,76],"tags":[],"class_list":["post-93550","post","type-post","status-publish","format-standard","has-post-thumbnail","hentry","category-maroc","category-regions"],"_links":{"self":[{"href":"https:\/\/linitiative.ca\/International\/wp-json\/wp\/v2\/posts\/93550","targetHints":{"allow":["GET"]}}],"collection":[{"href":"https:\/\/linitiative.ca\/International\/wp-json\/wp\/v2\/posts"}],"about":[{"href":"https:\/\/linitiative.ca\/International\/wp-json\/wp\/v2\/types\/post"}],"author":[{"embeddable":true,"href":"https:\/\/linitiative.ca\/International\/wp-json\/wp\/v2\/users\/1788"}],"replies":[{"embeddable":true,"href":"https:\/\/linitiative.ca\/International\/wp-json\/wp\/v2\/comments?post=93550"}],"version-history":[{"count":0,"href":"https:\/\/linitiative.ca\/International\/wp-json\/wp\/v2\/posts\/93550\/revisions"}],"wp:featuredmedia":[{"embeddable":true,"href":"https:\/\/linitiative.ca\/International\/wp-json\/"}],"wp:attachment":[{"href":"https:\/\/linitiative.ca\/International\/wp-json\/wp\/v2\/media?parent=93550"}],"wp:term":[{"taxonomy":"category","embeddable":true,"href":"https:\/\/linitiative.ca\/International\/wp-json\/wp\/v2\/categories?post=93550"},{"taxonomy":"post_tag","embeddable":true,"href":"https:\/\/linitiative.ca\/International\/wp-json\/wp\/v2\/tags?post=93550"}],"curies":[{"name":"wp","href":"https:\/\/api.w.org\/{rel}","templated":true}]}}