{"id":93558,"date":"2020-07-25T15:14:01","date_gmt":"2020-07-25T19:14:01","guid":{"rendered":"https:\/\/linitiative.ca\/International\/equipe-dalgerie-len-participera-a-la-coupe-arabe-des-nations-2021\/"},"modified":"2020-07-25T15:14:01","modified_gmt":"2020-07-25T19:14:01","slug":"equipe-dalgerie-len-participera-a-la-coupe-arabe-des-nations-2021","status":"publish","type":"post","link":"https:\/\/linitiative.ca\/International\/equipe-dalgerie-len-participera-a-la-coupe-arabe-des-nations-2021\/","title":{"rendered":"Equipe d&rsquo;Alg\u00e9rie : L\u2019EN participera \u00e0 la coupe arabe des nations 2021"},"content":{"rendered":"<div readability=\"32\">\n<p>Auteur : <span>Riad O<\/span> <span class=\"time\">samedi 25 juillet 2020 15:01<\/span><\/p>\n<\/div>\n<div id=\"post_core\" readability=\"37\">\n<p>La FIFA a donn\u00e9 son accord pour le d\u00e9roulement de la coupe arabe des nations qui aura lieu en 2021. Ce tournoi aura lieu avec la participation, pour la premi\u00e8re fois, de 22 \u00e9quipes arabes comme l\u2019a indiqu\u00e9 un communiqu\u00e9 officiel du l\u2019Union arabe publi\u00e9 sur Twitter. Les Verts participeront \u00e0 ce tournoi. L\u2019occasion pour les hommes de Belmadi de retrouver la comp\u00e9tition apr\u00e8s le report de la CAN \u00e0 2022.<\/p>\n<p><strong>Publi\u00e9 dans :<\/strong> <span>en<\/span><\/p>\n<\/div>\n<p>Auteur:<br \/>\n<a href=\"http:\/\/www.lebuteur.com\/article\/detail?titre=len-participera-a-la-coupe-arabe-des-nations-2021&#038;id=96700&#038;utm_source=feedburner&#038;utm_medium=feed&#038;utm_campaign=Feed%3A+GalerieFArtciles+%28Les+derniers+articles++-+lebuteur.com%29\">Cliquez ici pour lire l&rsquo;article depuis sa source.<\/a><\/p>\n","protected":false},"excerpt":{"rendered":"<p>Auteur : Riad O samedi 25 juillet 2020 15:01 La FIFA a donn\u00e9 son accord pour le d\u00e9roulement de la coupe arabe des nations qui aura lieu en 2021. Ce tournoi aura lieu avec la participation, pour la premi\u00e8re fois, de 22 \u00e9quipes arabes comme l\u2019a indiqu\u00e9 un communiqu\u00e9 officiel du l\u2019Union arabe publi\u00e9 sur [&hellip;]<\/p>\n","protected":false},"author":1738,"featured_media":93559,"comment_status":"closed","ping_status":"closed","sticky":false,"template":"","format":"standard","meta":{"fifu_image_url":"","fifu_image_alt":"","footnotes":""},"categories":[53,75],"tags":[],"class_list":["post-93558","post","type-post","status-publish","format-standard","has-post-thumbnail","hentry","category-algerie","category-sport"],"_links":{"self":[{"href":"https:\/\/linitiative.ca\/International\/wp-json\/wp\/v2\/posts\/93558","targetHints":{"allow":["GET"]}}],"collection":[{"href":"https:\/\/linitiative.ca\/International\/wp-json\/wp\/v2\/posts"}],"about":[{"href":"https:\/\/linitiative.ca\/International\/wp-json\/wp\/v2\/types\/post"}],"author":[{"embeddable":true,"href":"https:\/\/linitiative.ca\/International\/wp-json\/wp\/v2\/users\/1738"}],"replies":[{"embeddable":true,"href":"https:\/\/linitiative.ca\/International\/wp-json\/wp\/v2\/comments?post=93558"}],"version-history":[{"count":0,"href":"https:\/\/linitiative.ca\/International\/wp-json\/wp\/v2\/posts\/93558\/revisions"}],"wp:featuredmedia":[{"embeddable":true,"href":"https:\/\/linitiative.ca\/International\/wp-json\/"}],"wp:attachment":[{"href":"https:\/\/linitiative.ca\/International\/wp-json\/wp\/v2\/media?parent=93558"}],"wp:term":[{"taxonomy":"category","embeddable":true,"href":"https:\/\/linitiative.ca\/International\/wp-json\/wp\/v2\/categories?post=93558"},{"taxonomy":"post_tag","embeddable":true,"href":"https:\/\/linitiative.ca\/International\/wp-json\/wp\/v2\/tags?post=93558"}],"curies":[{"name":"wp","href":"https:\/\/api.w.org\/{rel}","templated":true}]}}