{"id":93560,"date":"2020-07-25T15:14:03","date_gmt":"2020-07-25T19:14:03","guid":{"rendered":"https:\/\/linitiative.ca\/International\/international-psg-grosse-entorse-pour-mbappe\/"},"modified":"2020-07-25T15:14:03","modified_gmt":"2020-07-25T19:14:03","slug":"international-psg-grosse-entorse-pour-mbappe","status":"publish","type":"post","link":"https:\/\/linitiative.ca\/International\/international-psg-grosse-entorse-pour-mbappe\/","title":{"rendered":"International : PSG: grosse entorse pour Mbapp\u00e9"},"content":{"rendered":"<div readability=\"32\">\n<p>Auteur : <span class=\"time\">samedi 25 juillet 2020 15:04<\/span><\/p>\n<\/div>\n<div id=\"post_core\" readability=\"41\">\n<p>Victime d&rsquo;un tacle dangereux de Lo\u00efc Perrin lors de la finale de la Coupe de France contre Saint-\u00c9tienne (1-0), vendredi, Kylian Mbapp\u00e9 va observer plusieurs jours de repos. En effet, l&rsquo;attaquant du Paris Saint-Germain souffre d&rsquo;une grosse entorse sans rupture des ligaments de la cheville droite. S&rsquo;il est d&rsquo;ores et d\u00e9j\u00e0 forfait pour la finale de la Coupe de la Ligue contre l&rsquo;Olympique Lyonnais, vendredi prochain, le champion du monde fran\u00e7ais est incertain pour le quart de finale de la Ligue des Champions face \u00e0 l&rsquo;Atalanta, pr\u00e9vu le 12 ao\u00fbt rapporte Maxifoot.fr.<\/p>\n<p><strong>Publi\u00e9 dans :<\/strong> <span>Mbapp\u00e9<\/span><\/p>\n<\/div>\n<p>Auteur:<br \/>\n<a href=\"http:\/\/www.lebuteur.com\/article\/detail?titre=psg-grosse-entorse-pour-mbappe&#038;id=96701&#038;utm_source=feedburner&#038;utm_medium=feed&#038;utm_campaign=Feed%3A+GalerieFArtciles+%28Les+derniers+articles++-+lebuteur.com%29\">Cliquez ici pour lire l&rsquo;article depuis sa source.<\/a><\/p>\n","protected":false},"excerpt":{"rendered":"<p>Auteur : samedi 25 juillet 2020 15:04 Victime d&rsquo;un tacle dangereux de Lo\u00efc Perrin lors de la finale de la Coupe de France contre Saint-\u00c9tienne (1-0), vendredi, Kylian Mbapp\u00e9 va observer plusieurs jours de repos. En effet, l&rsquo;attaquant du Paris Saint-Germain souffre d&rsquo;une grosse entorse sans rupture des ligaments de la cheville droite. S&rsquo;il est [&hellip;]<\/p>\n","protected":false},"author":1738,"featured_media":93561,"comment_status":"closed","ping_status":"closed","sticky":false,"template":"","format":"standard","meta":{"fifu_image_url":"","fifu_image_alt":"","footnotes":""},"categories":[53,75],"tags":[],"class_list":["post-93560","post","type-post","status-publish","format-standard","has-post-thumbnail","hentry","category-algerie","category-sport"],"_links":{"self":[{"href":"https:\/\/linitiative.ca\/International\/wp-json\/wp\/v2\/posts\/93560","targetHints":{"allow":["GET"]}}],"collection":[{"href":"https:\/\/linitiative.ca\/International\/wp-json\/wp\/v2\/posts"}],"about":[{"href":"https:\/\/linitiative.ca\/International\/wp-json\/wp\/v2\/types\/post"}],"author":[{"embeddable":true,"href":"https:\/\/linitiative.ca\/International\/wp-json\/wp\/v2\/users\/1738"}],"replies":[{"embeddable":true,"href":"https:\/\/linitiative.ca\/International\/wp-json\/wp\/v2\/comments?post=93560"}],"version-history":[{"count":0,"href":"https:\/\/linitiative.ca\/International\/wp-json\/wp\/v2\/posts\/93560\/revisions"}],"wp:featuredmedia":[{"embeddable":true,"href":"https:\/\/linitiative.ca\/International\/wp-json\/"}],"wp:attachment":[{"href":"https:\/\/linitiative.ca\/International\/wp-json\/wp\/v2\/media?parent=93560"}],"wp:term":[{"taxonomy":"category","embeddable":true,"href":"https:\/\/linitiative.ca\/International\/wp-json\/wp\/v2\/categories?post=93560"},{"taxonomy":"post_tag","embeddable":true,"href":"https:\/\/linitiative.ca\/International\/wp-json\/wp\/v2\/tags?post=93560"}],"curies":[{"name":"wp","href":"https:\/\/api.w.org\/{rel}","templated":true}]}}