{"id":93563,"date":"2020-07-25T15:14:08","date_gmt":"2020-07-25T19:14:08","guid":{"rendered":"https:\/\/linitiative.ca\/International\/divers-coronavirus-nouveau-bilan-605-cas-confirmes-10-deces-et-383-gueris\/"},"modified":"2020-07-25T15:14:08","modified_gmt":"2020-07-25T19:14:08","slug":"divers-coronavirus-nouveau-bilan-605-cas-confirmes-10-deces-et-383-gueris","status":"publish","type":"post","link":"https:\/\/linitiative.ca\/International\/divers-coronavirus-nouveau-bilan-605-cas-confirmes-10-deces-et-383-gueris\/","title":{"rendered":"Divers : Coronavirus &#8211; nouveau bilan : 605 cas confirm\u00e9s, 10 d\u00e9c\u00e8s et 383 gu\u00e9ris"},"content":{"rendered":"<div readability=\"32\">\n<p>Auteur : <span class=\"time\">samedi 25 juillet 2020 17:21<\/span><\/p>\n<\/div>\n<div id=\"post_core\" readability=\"41\">\n<p>Six-cent cinq (605) nouveaux cas confirm\u00e9s de Coronavirus (Covid-19), 383 gu\u00e9risons et 10 d\u00e9c\u00e8s ont \u00e9t\u00e9 enregistr\u00e9s ces derni\u00e8res 24 heures en Alg\u00e9rie, portant ainsi le nombre de cas confirm\u00e9s \u00e0 26764 et celui des d\u00e9c\u00e8s \u00e0 1146, a indiqu\u00e9 samedi le porte-parole du Comit\u00e9 scientifique de suivi de l&rsquo;\u00e9volution de la pand\u00e9mie du Coronavirus, Djamel Fourar.<\/p>\n<p><strong>Publi\u00e9 dans :<\/strong> <span>Coronavirus<\/span><\/p>\n<\/div>\n<p>Auteur:<br \/>\n<a href=\"http:\/\/www.lebuteur.com\/article\/detail?titre=coronavirus-nouveau-bilan-605-cas-confirmes-10-deces-et-383-gueris&#038;id=96703&#038;utm_source=feedburner&#038;utm_medium=feed&#038;utm_campaign=Feed%3A+GalerieFArtciles+%28Les+derniers+articles++-+lebuteur.com%29\">Cliquez ici pour lire l&rsquo;article depuis sa source.<\/a><\/p>\n","protected":false},"excerpt":{"rendered":"<p>Auteur : samedi 25 juillet 2020 17:21 Six-cent cinq (605) nouveaux cas confirm\u00e9s de Coronavirus (Covid-19), 383 gu\u00e9risons et 10 d\u00e9c\u00e8s ont \u00e9t\u00e9 enregistr\u00e9s ces derni\u00e8res 24 heures en Alg\u00e9rie, portant ainsi le nombre de cas confirm\u00e9s \u00e0 26764 et celui des d\u00e9c\u00e8s \u00e0 1146, a indiqu\u00e9 samedi le porte-parole du Comit\u00e9 scientifique de suivi [&hellip;]<\/p>\n","protected":false},"author":1738,"featured_media":93564,"comment_status":"closed","ping_status":"closed","sticky":false,"template":"","format":"standard","meta":{"fifu_image_url":"","fifu_image_alt":"","footnotes":""},"categories":[53,75],"tags":[],"class_list":["post-93563","post","type-post","status-publish","format-standard","has-post-thumbnail","hentry","category-algerie","category-sport"],"_links":{"self":[{"href":"https:\/\/linitiative.ca\/International\/wp-json\/wp\/v2\/posts\/93563","targetHints":{"allow":["GET"]}}],"collection":[{"href":"https:\/\/linitiative.ca\/International\/wp-json\/wp\/v2\/posts"}],"about":[{"href":"https:\/\/linitiative.ca\/International\/wp-json\/wp\/v2\/types\/post"}],"author":[{"embeddable":true,"href":"https:\/\/linitiative.ca\/International\/wp-json\/wp\/v2\/users\/1738"}],"replies":[{"embeddable":true,"href":"https:\/\/linitiative.ca\/International\/wp-json\/wp\/v2\/comments?post=93563"}],"version-history":[{"count":0,"href":"https:\/\/linitiative.ca\/International\/wp-json\/wp\/v2\/posts\/93563\/revisions"}],"wp:featuredmedia":[{"embeddable":true,"href":"https:\/\/linitiative.ca\/International\/wp-json\/"}],"wp:attachment":[{"href":"https:\/\/linitiative.ca\/International\/wp-json\/wp\/v2\/media?parent=93563"}],"wp:term":[{"taxonomy":"category","embeddable":true,"href":"https:\/\/linitiative.ca\/International\/wp-json\/wp\/v2\/categories?post=93563"},{"taxonomy":"post_tag","embeddable":true,"href":"https:\/\/linitiative.ca\/International\/wp-json\/wp\/v2\/tags?post=93563"}],"curies":[{"name":"wp","href":"https:\/\/api.w.org\/{rel}","templated":true}]}}