{"id":93565,"date":"2020-07-25T15:14:10","date_gmt":"2020-07-25T19:14:10","guid":{"rendered":"https:\/\/linitiative.ca\/International\/pros-nice-premiere-victoire-pour-atal-et-boudaoui\/"},"modified":"2020-07-25T15:14:10","modified_gmt":"2020-07-25T19:14:10","slug":"pros-nice-premiere-victoire-pour-atal-et-boudaoui","status":"publish","type":"post","link":"https:\/\/linitiative.ca\/International\/pros-nice-premiere-victoire-pour-atal-et-boudaoui\/","title":{"rendered":"Pros : Nice : Premi\u00e8re victoire pour Atal et Boudaoui"},"content":{"rendered":"<div readability=\"32\">\n<p>Auteur : <span class=\"time\">samedi 25 juillet 2020 19:18<\/span><\/p>\n<\/div>\n<div id=\"post_core\" readability=\"41\">\n<p>L&rsquo;OGC Nice a remport\u00e9 sa premi\u00e8re victoire dans cette pr\u00e9paration estivale. Les hommes de Patrick Vieira s&rsquo;imposent ce samedi contre le Standard de Li\u00e8ge (2-1). Men\u00e9 au score apr\u00e8s un but d&rsquo;Avenatti (33e), le Gym a r\u00e9agi gr\u00e2ce \u00e0 Dolberg, sur penalty (37e), et Kamara (48e) comme l&rsquo;indique Maxifoot.<\/p>\n<p>Hicham Boudaoui et Youcef Atal \u00e9taient titulaires pour cette rencontre. Atal a m\u00eame obtenu le penalty qui a permis \u00e0 Dolberg d&rsquo;\u00e9galiser \u00e0 la 37\u00e8me minute de jeu.<\/p>\n<p><strong>Publi\u00e9 dans :<\/strong> <span>Nice<\/span><\/p>\n<\/div>\n<p>Auteur:<br \/>\n<a href=\"http:\/\/www.lebuteur.com\/article\/detail?titre=nice-premiere-victoire-pour-atal-et-boudaoui&#038;id=96704&#038;utm_source=feedburner&#038;utm_medium=feed&#038;utm_campaign=Feed%3A+GalerieFArtciles+%28Les+derniers+articles++-+lebuteur.com%29\">Cliquez ici pour lire l&rsquo;article depuis sa source.<\/a><\/p>\n","protected":false},"excerpt":{"rendered":"<p>Auteur : samedi 25 juillet 2020 19:18 L&rsquo;OGC Nice a remport\u00e9 sa premi\u00e8re victoire dans cette pr\u00e9paration estivale. Les hommes de Patrick Vieira s&rsquo;imposent ce samedi contre le Standard de Li\u00e8ge (2-1). Men\u00e9 au score apr\u00e8s un but d&rsquo;Avenatti (33e), le Gym a r\u00e9agi gr\u00e2ce \u00e0 Dolberg, sur penalty (37e), et Kamara (48e) comme l&rsquo;indique [&hellip;]<\/p>\n","protected":false},"author":1738,"featured_media":93566,"comment_status":"closed","ping_status":"closed","sticky":false,"template":"","format":"standard","meta":{"fifu_image_url":"","fifu_image_alt":"","footnotes":""},"categories":[53,75],"tags":[],"class_list":["post-93565","post","type-post","status-publish","format-standard","has-post-thumbnail","hentry","category-algerie","category-sport"],"_links":{"self":[{"href":"https:\/\/linitiative.ca\/International\/wp-json\/wp\/v2\/posts\/93565","targetHints":{"allow":["GET"]}}],"collection":[{"href":"https:\/\/linitiative.ca\/International\/wp-json\/wp\/v2\/posts"}],"about":[{"href":"https:\/\/linitiative.ca\/International\/wp-json\/wp\/v2\/types\/post"}],"author":[{"embeddable":true,"href":"https:\/\/linitiative.ca\/International\/wp-json\/wp\/v2\/users\/1738"}],"replies":[{"embeddable":true,"href":"https:\/\/linitiative.ca\/International\/wp-json\/wp\/v2\/comments?post=93565"}],"version-history":[{"count":0,"href":"https:\/\/linitiative.ca\/International\/wp-json\/wp\/v2\/posts\/93565\/revisions"}],"wp:featuredmedia":[{"embeddable":true,"href":"https:\/\/linitiative.ca\/International\/wp-json\/"}],"wp:attachment":[{"href":"https:\/\/linitiative.ca\/International\/wp-json\/wp\/v2\/media?parent=93565"}],"wp:term":[{"taxonomy":"category","embeddable":true,"href":"https:\/\/linitiative.ca\/International\/wp-json\/wp\/v2\/categories?post=93565"},{"taxonomy":"post_tag","embeddable":true,"href":"https:\/\/linitiative.ca\/International\/wp-json\/wp\/v2\/tags?post=93565"}],"curies":[{"name":"wp","href":"https:\/\/api.w.org\/{rel}","templated":true}]}}