{"id":93592,"date":"2020-07-25T11:18:18","date_gmt":"2020-07-25T15:18:18","guid":{"rendered":"https:\/\/linitiative.ca\/International\/covid-19-en-france-le-maroc-pour-linstant-absent-de-la-liste-des-16-pays-a-risque\/"},"modified":"2020-07-25T11:18:18","modified_gmt":"2020-07-25T15:18:18","slug":"covid-19-en-france-le-maroc-pour-linstant-absent-de-la-liste-des-16-pays-a-risque","status":"publish","type":"post","link":"https:\/\/linitiative.ca\/International\/covid-19-en-france-le-maroc-pour-linstant-absent-de-la-liste-des-16-pays-a-risque\/","title":{"rendered":"Covid-19 en France\u00a0: le Maroc (pour l\u2019instant) absent de la liste des 16 pays \u00e0 risque"},"content":{"rendered":"<p><strong>Dans son effort de lutte contre le coronavirus, la France a annonc\u00e9 la g\u00e9n\u00e9ralisation des tests \u00e0 l\u2019arriv\u00e9e aux a\u00e9roports du pays. Quelque 16 pays de provenance feront l\u2019objet de cette attention particuli\u00e8re. Le Maroc n\u2019y est pas (encore).<\/strong><\/p>\n<div class=\"c10\"\/>\n<p>L\u2019annonce a \u00e9t\u00e9 faite hier, apr\u00e8s la visite du nouveau Premier ministre fran\u00e7ais \u00e0 l\u2019a\u00e9roport de Roissy qui a fait suite \u00e0 un Conseil de d\u00e9fense ax\u00e9 sur la propagation de l\u2019\u00e9pid\u00e9mie de coronavirus dans le monde. Ces tests aux fronti\u00e8res font partie des mesures mises en place pour enrayer la recrudescence des cas de Covid-19 dans le pays. En tout, 16 pays verront les voyageurs en provenance de leur territoire subir syst\u00e9matiquement les tests. Ce sont\u00a0: les Etats-Unis, les Emirats Arabes Unis, Bahre\u00efn, Panama, Afrique du Sud, Kow\u00ebit, Qatar, Isra\u00ebl, Br\u00e9sil, P\u00e9rou, Serbie, Alg\u00e9rie, Turquie, Madagascar, Inde et Oman. Ces pays, consid\u00e9r\u00e9s \u00e0 risque du fait de l\u2019augmentation des cas sont donc sur la liste rouge des autorit\u00e9s fran\u00e7aises. Pour ce qui est du voisin du sud, le Royaume du Maroc aurait \u00e9t\u00e9 \u00ab\u00a0initialement cit\u00e9 dans la liste avant d\u2019en \u00eatre retir\u00e9. La primature fran\u00e7aise pr\u00e9cise que \u201cc\u2019est en discussion\u201c\u00a0\u00bb, selon des m\u00e9dias fran\u00e7ais.<\/p>\n<p><strong>Lire aussi |<a href=\"https:\/\/www.challenge.ma\/le-ministere-de-linterieur-reagit-au-non-port-du-masque-150961\/\" target=\"_blank\" rel=\"noreferrer noopener\" aria-label=\"Le minist&#xE8;re de l&#x2019;int&#xE9;rieur r&#xE9;agit au non port du masque (opens in a new tab)\">Le minist\u00e8re de l\u2019int\u00e9rieur r\u00e9agit au non port du masque<\/a><\/strong><\/p>\n<p>\u00ab\u00a0Le Premier ministre a pr\u00e9cis\u00e9 que pour les 16 pays, la fronti\u00e8re est ferm\u00e9e, soulignant que la seule circulation des passagers concerne des citoyens fran\u00e7ais qui r\u00e9sident dans ces pays ou des citoyens de ces pays qui disposent d\u2019une r\u00e9sidence stable en France\u00a0\u00bb, rapporte la presse. La raison du ciblage de ces pays tient au fait que, selon les autorit\u00e9s fran\u00e7aises, un certain nombre de pays ne disposent pas de strat\u00e9gie de d\u00e9pistage et que l\u2019acc\u00e8s aux tests est difficile.<\/p>\n<p>Les personnes test\u00e9s positif au coronavirus seront mis en quarantaine pendant 14 jours. Un responsable politique fran\u00e7ais, le pr\u00e9sident du S\u00e9nat, avait vertement critiqu\u00e9 les insuffisances graves dans les mesures prises dans les a\u00e9roports, estimant qu\u2019il faudrait instaurer des tests avant d\u2019entrer sur le territoire fran\u00e7ais. Une mesure que le Maroc avait mise en place d\u00e8s la r\u00e9ouverture de ses fronti\u00e8res, en exigeant des voyageurs entrants des tests de d\u00e9pistage au d\u00e9part du pays de provenance.<\/p>\n<p><strong>Lire aussi |<a href=\"https:\/\/www.challenge.ma\/tanger-limpact-de-linterdiction-de-sortie-reste-a-voir-150870\/\" target=\"_blank\" rel=\"noreferrer noopener\" aria-label=\"Tanger : l&#x2019;impact de l&#x2019;interdiction de sortie reste &#xE0; voir (opens in a new tab)\">Tanger : l\u2019impact de l\u2019interdiction de sortie reste \u00e0 voir<\/a><\/strong><\/p>\n<p>Le dispositif de tests aux a\u00e9roports sera totalement op\u00e9rationnel \u00e0 partir du 1<sup>er<\/sup> ao\u00fbt et pourrait tester quelque 3000 personnes par jour. La France qui s\u2019inqui\u00e8te de la mont\u00e9e des cas sur son territoire pointe du doigt le rel\u00e2chement du respect des gestes barri\u00e8res, constatant la hausse des cas chez les 20-40 ans. Une population jeune, g\u00e9n\u00e9ralement asymptomatique, qui pourraient servir de porteurs sains dans la diss\u00e9mination massive du virus. Au jeudi 23 juillet, 1000 cas suppl\u00e9mentaires avaient \u00e9t\u00e9 comptabilis\u00e9s sur le sol fran\u00e7ais.<\/p>\n<div class=\"vw-sticky-sidebar-wrapper vw-sticky-sidebar widget_text awac-wrapper widget_text awac widget custom_html-4 textwidget custom-html-widget\">\n<p class=\"has-background c12\"><span class=\"widget-title c11\">Tribune et D\u00e9bats<\/span><\/p>\n<p>La tribune qui vous parle d\u2019une actu, d\u2019un sujet qui fait d\u00e9bat, les traitent et les analysent. \u00c9conomistes et autres experts, patrons d\u2019entreprises, d\u00e9cideurs, acteurs de la soci\u00e9t\u00e9 civile, s\u2019y prononcent et contribuent \u00e0 sa grande richesse. Vous avez votre opinion, convergente ou diff\u00e9rente. Exprimez-la et mesurez-vous ainsi \u00e0 nos tribuns et d\u00e9batteurs.<\/p>\n<p>Envoyez vos analyses \u00e0 : <a href=\"\/cdn-cgi\/l\/email-protection#6f0c00011b0e0c1b2f0c070e03030a01080a41020e\"><span class=\"__cf_email__\" data-cfemail=\"52313d3c2633312612313a333e3e373c35377c3f33\">[email\u00a0protected]<\/span><\/a>, en pr\u00e9cisant votre nom, votre pr\u00e9nom et votre m\u00e9tier.<\/p>\n<\/div>\n<p>Auteur: challenge<br \/>\n<a href=\"https:\/\/www.challenge.ma\/covid-19-en-france-le-maroc-pour-linstant-absent-de-la-liste-des-16-pays-a-risque-150986\/\">Cliquez ici pour lire l&rsquo;article depuis sa source.<\/a><\/p>\n","protected":false},"excerpt":{"rendered":"<p>Dans son effort de lutte contre le coronavirus, la France a annonc\u00e9 la g\u00e9n\u00e9ralisation des tests \u00e0 l\u2019arriv\u00e9e aux a\u00e9roports du pays. Quelque 16 pays de provenance feront l\u2019objet de cette attention particuli\u00e8re. Le Maroc n\u2019y est pas (encore). L\u2019annonce a \u00e9t\u00e9 faite hier, apr\u00e8s la visite du nouveau Premier ministre fran\u00e7ais \u00e0 l\u2019a\u00e9roport de [&hellip;]<\/p>\n","protected":false},"author":1787,"featured_media":0,"comment_status":"closed","ping_status":"closed","sticky":false,"template":"","format":"standard","meta":{"fifu_image_url":"","fifu_image_alt":"","footnotes":""},"categories":[78,54],"tags":[],"class_list":["post-93592","post","type-post","status-publish","format-standard","hentry","category-economie","category-maroc"],"_links":{"self":[{"href":"https:\/\/linitiative.ca\/International\/wp-json\/wp\/v2\/posts\/93592","targetHints":{"allow":["GET"]}}],"collection":[{"href":"https:\/\/linitiative.ca\/International\/wp-json\/wp\/v2\/posts"}],"about":[{"href":"https:\/\/linitiative.ca\/International\/wp-json\/wp\/v2\/types\/post"}],"author":[{"embeddable":true,"href":"https:\/\/linitiative.ca\/International\/wp-json\/wp\/v2\/users\/1787"}],"replies":[{"embeddable":true,"href":"https:\/\/linitiative.ca\/International\/wp-json\/wp\/v2\/comments?post=93592"}],"version-history":[{"count":0,"href":"https:\/\/linitiative.ca\/International\/wp-json\/wp\/v2\/posts\/93592\/revisions"}],"wp:attachment":[{"href":"https:\/\/linitiative.ca\/International\/wp-json\/wp\/v2\/media?parent=93592"}],"wp:term":[{"taxonomy":"category","embeddable":true,"href":"https:\/\/linitiative.ca\/International\/wp-json\/wp\/v2\/categories?post=93592"},{"taxonomy":"post_tag","embeddable":true,"href":"https:\/\/linitiative.ca\/International\/wp-json\/wp\/v2\/tags?post=93592"}],"curies":[{"name":"wp","href":"https:\/\/api.w.org\/{rel}","templated":true}]}}